{"id":36408,"global_id":"inett.academy\/en?id=36408","global_id_lineage":["inett.academy\/en?id=36408"],"author":"4","status":"publish","date":"2025-10-13 12:43:25","date_utc":"2025-10-13 10:43:25","modified":"2026-03-19 13:42:45","modified_utc":"2026-03-19 12:42:45","url":"https:\/\/inett.academy\/en\/event\/proxmox-ve-clustering-und-shared-storage-26-27-maerz-2026\/","rest_url":"https:\/\/inett.academy\/en\/wp-json\/tribe\/events\/v1\/events\/36408","title":"Proxmox VE | Clustering und Shared Storage <br>26. \u2013 27. M\u00e4rz 2026","description":"<h1  >\n\tProxmox VE | Clustering und Shared Storage <br \/>26. \u2013 27. M\u00e4rz 2026<\/h1>\n<p>\t\t<a   href=\"https:\/\/inett.academy\/tag\/clustering-und-shared-storage\/\"><br \/>\n\tClustering und Shared Storage<\/a>,<br \/>\n<a   href=\"https:\/\/inett.academy\/tag\/digital\/\"><br \/>\n\tDigital<\/a>,<br \/>\n<a   href=\"https:\/\/inett.academy\/tag\/guillaume-delanoy\/\"><br \/>\n\tGuillaume Delanoy<\/a>,<br \/>\n<a   href=\"https:\/\/inett.academy\/tag\/maerz\/\"><br \/>\n\tM\u00e4rz<\/a>,<br \/>\n<a   href=\"https:\/\/inett.academy\/tag\/online\/\"><br \/>\n\tOnline<\/a>,<br \/>\n<a   href=\"https:\/\/inett.academy\/tag\/proxmox\/\"><br \/>\n\tProxmox<\/a>,<br \/>\n<a   href=\"https:\/\/inett.academy\/tag\/proxmoxve\/\"><br \/>\n\tproxmoxve<\/a>,<br \/>\n<a   href=\"https:\/\/inett.academy\/tag\/remote\/\"><br \/>\n\tRemote<\/a>,<br \/>\n<a   href=\"https:\/\/inett.academy\/tag\/webbasiert\/\"><br \/>\n\tWebbasiert<\/a><br \/>\n\t\t\t\t\t\t\t\t\t\t\t\t\t\t\t\t\t\t\t\tDozent<\/p>\n<h3  >\n\tDatum und Uhrzeit:<\/h3>\n<p>\t\t\t26 M\u00e4rz 2026<br \/>\n\t  \/\/<br \/>\n9:00<br \/>\nCET<br \/>\n\t  &#8211;<br \/>\n\t27 M\u00e4rz 2026<br \/>\n\t  \/\/<br \/>\n17:00<br \/>\nCET<\/p>\n<h2  >\n\tVeranstaltungsort<\/h2>\n<h4  >\n\t\tOnlinekurs\t<\/h4>\n<h2  >\n\tVeranstalter<\/h2>\n<h2  >\n\t\t\tinett Academy\t<\/h2>\n<p>\t<a href=\"http:\/\/www.inett.academy\" target=\"_self\" rel=\"external\">www.inett.academy<\/a><\/p>\n<p style=\"text-align: left;\"><strong>Good to know<\/strong><br \/>Den pers\u00f6nlichen Zugangslink senden wir Ihnen kurz vor Beginn der Veranstaltung an die bei der Anmeldung angegebene E-Mail-Adresse. Bitte achten Sie hier auf Ihren Spam-Ordner.<\/p>\n<p><strong data-start=\"426\" data-end=\"438\">Hinweis:<\/strong> Die auf unserer Webseite angegebenen Kurspreise und Abl\u00e4ufe gelten ausschlie\u00dflich f\u00fcr Veranstaltungen, die von uns selbst durchgef\u00fchrt werden. Bei Angeboten externer Kursanbieter informieren Sie sich bitte direkt beim jeweiligen Veranstalter \u00fcber Preise, den technischen Zugang und die Teilnahmevoraussetzungen.<\/p>\n<p><strong>Wir helfen gerne, fragen Sie uns!<br \/><\/strong><br \/>\ud83d\udce7 <a href=\"academy@inett.de\">academy@inett.de<\/a><br \/>\ud83d\udcde <a href=\"tel:004906814109930\">+49 681 410 993 0<\/a>\u00a0<br \/>Montag bis Freitag<br \/>08:00 bis 17:00 Uhr<\/p>\n<form\n\t\tid=\"tribe-tickets__tickets-form\"\n\t\taction=\"https:\/\/inett.academy\/checkout\/\"\n\t\tclass=\"tribe-tickets__tickets-form tribe-tickets__form\"\n\t\tmethod=\"post\"\n\t\tenctype='multipart\/form-data'\n\t\tdata-provider=\"Tribe__Tickets_Plus__Commerce__WooCommerce__Main\"\n\t\tautocomplete=\"off\"\n\t\tdata-provider-id=\"woo\"\n\t\tdata-post-id=\"36396\"\n\t\tnovalidate\n\t><br \/>\n\t\t<input type=\"hidden\" name=\"tribe_tickets_saving_attendees\" value=\"1\"\/><br \/>\n\t\t<input type=\"hidden\" name=\"tribe_tickets_ar\" value=\"1\"\/><br \/>\n\t\t<input type=\"hidden\" name=\"tribe_tickets_ar_data\" value=\"\" id=\"tribe_tickets_block_ar_data\"\/><br \/>\n\t\t<input\n\ttype=\"hidden\"\n\tid=\"wootickets_process\"\n\tname=\"wootickets_process\"\n\tvalue=\"1\"\n\/><br \/>\n<input name=\"provider\" value=\"Tribe__Tickets_Plus__Commerce__WooCommerce__Main\" type=\"hidden\"><\/p>\n<h2>\n\tTickets<\/h2>\n<p>\t\tDie unten stehende Nummer beinhaltet Tickets f\u00fcr diese Veranstaltung aus dem Warenkorb. Durch einen Klick auf &#8222;Tickets kaufen&#8220; k\u00f6nnen vorhandene Teilnehmerinformationen bearbeitet sowie die Ticketsanzahl ver\u00e4ndert werden.<br \/>\n\t\t\t\tClustering und Shared Storage \/\/ 26. &#8211; 27. M\u00e4rz 2026<br \/>\n\tProxmox VE | Clustering und Shared Storage<br \/>\n26. &#8211; 27. M\u00e4rz 2026 | Virtual Training<br \/>\n\t\t\t\t\t\t1,490.00<br \/>\n\t\t\t\t\t\t&euro;<br \/>\n\t 3  verf\u00fcgbar<br \/>\n\t<label\n\t\tclass=\"tribe-common-a11y-visual-hide\"\n\t\tfor=\"tribe-tickets__tickets-item-quantity-number--36397\"\n\t><br \/>\n\t\tAnzahl\t<\/label><br \/>\n\t<input\n\t\tid=\"tribe-tickets__tickets-item-quantity-number--36397\"\n\t\ttype=\"number\"\n\t\tclass=\"tribe-common-h3 tribe-common-h4--min-medium tribe-tickets__tickets-item-quantity-number-input\"\n\t\tstep=\"1\"\n\t\tmin=\"0\"\n\t\tmax=\"3\"\n\t\tvalue=\"0\"\n\t\tautocomplete=\"off\"\n\t\t\t\t\treadonly=\"true\"\n\t\t\t\t\t\/><br \/>\n\t\t<input\n\t\tname=\"attendee[optout]\"\n\t\tvalue=\"1\"\n\t\ttype=\"hidden\"\n\t\/><br \/>\n\t\t\t\tDeployment und Management \/\/ 24. &#8211; 25. M\u00e4rz 2026<br \/>\n\tProxmox VE | Deployment und Management<br \/>\n24. &#8211; 25. M\u00e4rz 2026 | Virtual Training<br \/>\n\t\t\t\t\t\t1,490.00<br \/>\n\t\t\t\t\t\t&euro;<br \/>\n\t 0  verf\u00fcgbar<br \/>\n\tAusverkauft<br \/>\n\t\t<input\n\t\tname=\"attendee[optout]\"\n\t\tvalue=\"1\"\n\t\ttype=\"hidden\"\n\t\/><br \/>\n\t\tAnzahl<br \/>\n\t0<br \/>\n\t\tSumme:<br \/>\n\t\t\t\t\t\t0.00<br \/>\n\t\t\t\t\t\t&euro;<br \/>\n\t<button\n\tclass=\"tribe-common-c-btn tribe-common-c-btn--small tribe-tickets__tickets-buy\"\n\t\tdata-content=\"dialog-content-69bbef455ba78\"\n\tdata-js=\"trigger-dialog-69bbef455ba78\"\n\t\t\tid=\"tribe-tickets__tickets-submit\"\n\t\t\t\tname=\"Tribe__Tickets_Plus__Commerce__WooCommerce__Main_get_tickets\"\n\t\t\t\ttype=\"submit\"\n\t\t\t\t\tdisabled aria-disabled=\"true\"\t>Tickets kaufen<\/button><br \/>\n\t<svg\n\t \taria-hidden=\"true\"\n\tviewBox=\"0 0 15 15\"\n\txmlns=\"http:\/\/www.w3.org\/2000\/svg\"\n>\n\t<circle cx=\"7.5\" cy=\"7.5\" r=\"7.5\"\/>\n<\/svg><br \/>\n\t<svg\n\t \taria-hidden=\"true\"\n\tviewBox=\"0 0 15 15\"\n\txmlns=\"http:\/\/www.w3.org\/2000\/svg\"\n>\n\t<circle cx=\"7.5\" cy=\"7.5\" r=\"7.5\"\/>\n<\/svg><br \/>\n\t<svg\n\t \taria-hidden=\"true\"\n\tviewBox=\"0 0 15 15\"\n\txmlns=\"http:\/\/www.w3.org\/2000\/svg\"\n>\n\t<circle cx=\"7.5\" cy=\"7.5\" r=\"7.5\"\/>\n<\/svg><br \/>\n\t\t\t<\/form>\n<p><button\n\t \taria-expanded=\"false\"\n\taria-controls=\"\"\n\taria-label=\"Zeige Links an um Veranstaltungen zu deinem Kalender hinzuzuf\u00fcgen\"\n><br \/>\n\t<i\n\t\t \t\taria-hidden=\"true\"\n\t><\/i><br \/>\n\tZum Kalender hinzuf\u00fcgen\t<svg\n\t\t \t\tviewBox=\"0 0 12 8\"\n\t\txmlns=\"http:\/\/www.w3.org\/2000\/svg\"\n\t>\n\t\t<path d=\"M1.21.85L6 5.64 10.79.85 11.94 2 6 7.94.06 2z\" fill=\"currentColor\" fill-rule=\"nonzero\"\/>\n\t<\/svg><br \/>\n<\/button><\/p>\n<ul  >\n<li  >\n\t<a\n\t \thref=\"https:\/\/www.google.com\/calendar\/event?action=TEMPLATE&#038;dates=20260326T090000\/20260327T170000&#038;text=Proxmox%20VE%20%7C%20Clustering%20und%20Shared%20Storage%20%3Cbr%3E26.%20%E2%80%93%2027.%20M%C3%A4rz%202026&#038;details=%3Ch1%3E%09Proxmox+VE+%7C+Clustering+und+Shared+Storage+%3Cbr+%2F%3E26.+%E2%80%93+27.+M%C3%A4rz+2026%3C%2Fh1%3E%09%09%09%09%09%09%3Ca+++href%3D%22https%3A%2F%2Finett.academy%2Ftag%2Fclustering-und-shared-storage%2F%22%3E%09Clustering+und+Shared+Storage%3C%2Fa%3E%2C%3Ca+++href%3D%22https%3A%2F%2Finett.academy%2Ftag%2Fdigital%2F%22%3E%09Digital%3C%2Fa%3E%2C%3Ca+++href%3D%22https%3A%2F%2Finett.academy%2Ftag%2Fguillaume-delanoy%2F%22%3E%09Guillaume+Delanoy%3C%2Fa%3E%2C%3Ca+++href%3D%22https%3A%2F%2Finett.academy%2Ftag%2Fmaerz%2F%22%3E%09M%C3%A4rz%3C%2Fa%3E%2C%3Ca+++href%3D%22https%3A%2F%2Finett.academy%2Ftag%2Fonline%2F%22%3E%09Online%3C%2Fa%3E%2C%3Ca+++href%3D%22https%3A%2F%2Finett.academy%2Ftag%2Fproxmox%2F%22%3E%09Proxmox%3C%2Fa%3E%2C%3Ca+++href%3D%22https%3A%2F%2Finett.academy%2Ftag%2Fproxmoxve%2F%22%3E%09proxmoxve%3C%2Fa%3E%2C%3Ca+++href%3D%22https%3A%2F%2Finett.academy%2Ftag%2Fremote%2F%22%3E%09Remote%3C%2Fa%3E%2C%3Ca+++href%3D%22https%3A%2F%2Finett.academy%2Ftag%2Fwebbasiert%2F%22%3E%09Webbasiert%3C%2Fa%3E%09%09%09%09%09%09%09%09%09%09%09%09%09%09%09%09%09%09%09%09Dozent%09%3Ch3%3E%09Datum+und+Uhrzeit%3A%3C%2Fh3%3E%09%09%09%0926+M%C3%A4rz+2026%09++%2F%2F++9%3A00CET%09++-++%0927+M%C3%A4rz+2026%09++%2F%2F++17%3A00CET%09%3Ch2%3E%09Veranstaltungsort%3C%2Fh2%3E%09%09%09%09%3Ch4%3E%09%09Onlinekurs%09%3C%2Fh4%3E%09%3Ch2%3E%09Veranstalter%3C%2Fh2%3E%3Ch2%3E%09%09%09inett+Academy%09%3C%2Fh2%3E%09%3Ca+href%3D%22http%3A%2F%2Fwww.inett.acad+%28Zeige+vollst%C3%A4ndige+Veranstaltung-Beschreibung+hier+an%3A+https%3A%2F%2Finett.academy%2Fevent%2Fproxmox-ve-clustering-und-shared-storage-26-27-maerz-2026%2F%29&#038;location=Onlinekurs&#038;trp=false&#038;ctz=Europe\/Berlin&#038;sprop=website:https:\/\/inett.academy\"\n\ttarget=\"_blank\"\n\trel=\"noopener noreferrer\"\n>Google Kalender<\/a>\n<\/li>\n<li  >\n\t<a\n\t \thref=\"https:\/\/inett.academy\/event\/proxmox-ve-clustering-und-shared-storage-26-27-maerz-2026\/?ical=1\"\n\ttarget=\"_blank\"\n\trel=\"noopener noreferrer\"\n>iCalendar<\/a>\n<\/li>\n<li  >\n\t<a\n\t \thref=\"https:\/\/outlook.office.com\/owa\/?path=\/calendar\/action\/compose&#038;rrv=addevent&#038;startdt=2026-03-26T09%3A00%3A00%2B01%3A00&#038;enddt=2026-03-27T17%3A00%3A00%2B01%3A00&#038;location=Onlinekurs&#038;subject=Proxmox%20VE%20%7C%20Clustering%20und%20Shared%20Storage%2026.%20%E2%80%93%2027.%20M%C3%A4rz%202026&#038;body=%09Proxmox%20VE%20%7C%20Clustering%20und%20Shared%20Storage%2026.%20%E2%80%93%2027.%20M%C3%A4rz%202026%09%09%09%09%09%09%09Clustering%20und%20Shared%20Storage%2C%09Digital%2C%09Guillaume%20Delanoy%2C%09M%C3%A4rz%2C%09Online%2C%09Proxmox%2C%09proxmoxve%2C%09Remote%2C%09Webbasiert%09%09%09%09%09%09%09%09%09%09%09%09%09%09%09%09%09%09%09%09Dozent%09%09Datum%20und%20Uhrzeit%3A%09%09%09%0926%20M%C3%A4rz%202026%09%20%20%2F%2F%20%209%3A00CET%09%20%20-%20%20%0927%20M%C3%A4rz%202026%09%20%20%2F%2F%20%2017%3A00CET%09%09Veranstaltungsort%09%09%09%09%09%09Onlinekurs%09%09%09Veranstalter%09%09%09inett%20Academy%09%09www.inett.academy%09%09%3Cp%20style%3D%22text-align%3A%20left%3B%22%3EGood%20to%20knowDen%20pers%C3%B6nlichen%20Zugangslink%20senden%20wir%20Ihnen%20kurz%20vor%20Beginn%20der%20Veranstaltung%20an%20die%20bei%20der%20Anmeldung%20angegebene%20E-Mail-Adresse.%20Bitte%20achten%20Sie%20hier%20auf%20Ihren%20Spam-Ordner.%3C%2Fp%3E%3Cp%3EHinweis%3A%20Die%20auf%20unserer%20Webseite%20angegebenen%20Kurspreise%20und%20Abl%C3%A4ufe%20gelten%20ausschlie%C3%9Flich%20f%C3%BCr%20Veranstaltungen%2C%20die%20von%20uns%20selbst%20durchgef%C3%BChrt%20werden.%20Bei%20Angeboten%20externer%20Kursanbieter%20informieren%20Sie%20sich%20bitte%20direkt%20beim%20jeweiligen%20Veranstal%20%28Zeige%20vollst%C3%A4ndige%20Veranstaltung-Beschreibung%20hier%20an%3A%20https%3A%2F%2Finett.academy%2Fevent%2Fproxmox-ve-clustering-und-shared-storage-26-27-maerz-2026%2F%29\"\n\ttarget=\"_blank\"\n\trel=\"noopener noreferrer\"\n>Outlook 365<\/a>\n<\/li>\n<li  >\n\t<a\n\t \thref=\"https:\/\/outlook.live.com\/owa\/?path=\/calendar\/action\/compose&#038;rrv=addevent&#038;startdt=2026-03-26T09%3A00%3A00%2B01%3A00&#038;enddt=2026-03-27T17%3A00%3A00%2B01%3A00&#038;location=Onlinekurs&#038;subject=Proxmox%20VE%20%7C%20Clustering%20und%20Shared%20Storage%2026.%20%E2%80%93%2027.%20M%C3%A4rz%202026&#038;body=%09Proxmox%20VE%20%7C%20Clustering%20und%20Shared%20Storage%2026.%20%E2%80%93%2027.%20M%C3%A4rz%202026%09%09%09%09%09%09%09Clustering%20und%20Shared%20Storage%2C%09Digital%2C%09Guillaume%20Delanoy%2C%09M%C3%A4rz%2C%09Online%2C%09Proxmox%2C%09proxmoxve%2C%09Remote%2C%09Webbasiert%09%09%09%09%09%09%09%09%09%09%09%09%09%09%09%09%09%09%09%09Dozent%09%09Datum%20und%20Uhrzeit%3A%09%09%09%0926%20M%C3%A4rz%202026%09%20%20%2F%2F%20%209%3A00CET%09%20%20-%20%20%0927%20M%C3%A4rz%202026%09%20%20%2F%2F%20%2017%3A00CET%09%09Veranstaltungsort%09%09%09%09%09%09Onlinekurs%09%09%09Veranstalter%09%09%09inett%20Academy%09%09www.inett.academy%09%09%3Cp%20style%3D%22text-align%3A%20left%3B%22%3EGood%20to%20knowDen%20pers%C3%B6nlichen%20Zugangslink%20senden%20wir%20Ihnen%20kurz%20vor%20Beginn%20der%20Veranstaltung%20an%20die%20bei%20der%20Anmeldung%20angegebene%20E-Mail-Adresse.%20Bitte%20achten%20Sie%20hier%20auf%20Ihren%20Spam-Ordner.%3C%2Fp%3E%3Cp%3EHinweis%3A%20Die%20auf%20unserer%20Webseite%20angegebenen%20Kurspreise%20und%20Abl%C3%A4ufe%20gelten%20ausschlie%C3%9Flich%20f%C3%BCr%20Veranstaltungen%2C%20die%20von%20uns%20selbst%20durchgef%C3%BChrt%20werden.%20Bei%20Angeboten%20externer%20Kursanbieter%20informieren%20Sie%20sich%20bitte%20direkt%20beim%20jeweiligen%20Veranstal%20%28Zeige%20vollst%C3%A4ndige%20Veranstaltung-Beschreibung%20hier%20an%3A%20https%3A%2F%2Finett.academy%2Fevent%2Fproxmox-ve-clustering-und-shared-storage-26-27-maerz-2026%2F%29\"\n\ttarget=\"_blank\"\n\trel=\"noopener noreferrer\"\n>Outlook Live<\/a>\n<\/li>\n<\/ul>\n<h2  >\n\t\u00c4hnliche Veranstaltungen<\/h2>\n<ul  >\n<li  >\n<h3  >\n\t<a\n\t\t \t\thref=\"https:\/\/inett.academy\/event\/proxmox-ve-deployment-und-management-24-25-maerz-2026\/\"\n\t\trel=\"bookmark\"\n\t><br \/>\n\t\tProxmox VE | Deployment und Management <br \/>24. &#8211; 25. M\u00e4rz 2026\t<\/a><br \/>\n<\/h3>\n<\/li>\n<li  >\n<h3  >\n\t<a\n\t\t \t\thref=\"https:\/\/inett.academy\/event\/webinar-opnsense-firewall-im-enterprise-umfeld-25-03-2026\/\"\n\t\trel=\"bookmark\"\n\t><br \/>\n\t\tWebinar | OPNsense Firewall im Enterprise Umfeld <br \/>25.03.2026\t<\/a><br \/>\n<\/h3>\n<\/li>\n<li  >\n<h3  >\n\t<a\n\t\t \t\thref=\"https:\/\/inett.academy\/event\/webinar-opnsense-firewall-in-enterprise-area-26-03-2026\/\"\n\t\trel=\"bookmark\"\n\t><br \/>\n\t\tWebinar | OPNsense Firewall in Enterprise Area <br \/>26.03.2026\t<\/a><br \/>\n<\/h3>\n<\/li>\n<\/ul>\n<h1  >\n\tProxmox VE | Clustering und Shared Storage <br \/>26. \u2013 27. M\u00e4rz 2026<\/h1>\n<p>\t\t\t\t\t\t\t<img fetchpriority=\"high\" decoding=\"async\" width=\"1200\" height=\"800\" src=\"https:\/\/inett.academy\/wp-content\/uploads\/2025\/08\/Design-ohne-Titel5.png\" alt=\"\" \/><br \/>\n\t\t\t\t\t\t\t\t\t\t\t\t\t\tGuillaume Delanoy<br \/>\n\t\t\t\t\t\t\t\t\t\t\t\t\t\t\t\t\t\t\t\t\t\tDozent<\/p>\n<h2>\u00dcber den Kurs<\/h2>\n<p>Der Kurs gibt Ihnen umfassende Einblicke in die Bereitstellung, Verwaltung und Integration von Proxmox VE-Knoten in einem Cluster, um die Vorteile von Hochverf\u00fcgbarkeit und Ressourcenoptimierung f\u00fcr VMs und Container optimal nutzen zu k\u00f6nnen. Die praxisnahe Schulung bietet Ihnen ein theoretisches Fundament sowie Hands-On \u00dcbungen.\u00a0<\/p>\n<p>Ziel des Trainings ist, ein solides Verst\u00e4ndnis f\u00fcr die Bereitstellung, Verwaltung und Optimierung virtueller Umgebungen mit <a href=\"https:\/\/www.proxmox.com\/en\/\">Proxmox VE <\/a>in geclusterten Deployments zu erhalten.<\/p>\n<h2>Was werden Sie lernen?<\/h2>\n<p>Betrieb und Administration komplexer Proxmox VE HA Infrastrukturen inkl. Networking und Storage.<\/p>\n<ul>\n<li>Proxmox VE Cluster-Setup: Konzepte \/ Architektur \/ Technologie<\/li>\n<li>Hardwareanforderungen f\u00fcr eine Cluster-Installation<\/li>\n<li>Proxmox VE Cluster: Funktionen \/ Einrichtung \/ Konfiguration \/ Verwaltung<\/li>\n<li>Gast Uptime Management<\/li>\n<li>Hochverf\u00fcgbarkeit (HA) \u2013 der Proxmox VE HA-Manager und Corosync<\/li>\n<li>Erweiterte Authentifizierung und Benutzerverwaltung<\/li>\n<li>Proxmox VE API<\/li>\n<li>Security Konzepte<\/li>\n<li>Hyperkonvergente Infrastruktur mit Ceph (HCI)<\/li>\n<li>Proxmox VE Storage Replication<\/li>\n<li>Framework<\/li>\n<li>Fehlerbehebung (f\u00fcr Single Server Setups &amp; Cluster Installationen)<\/li>\n<li>Sicherstellen einer Baseline f\u00fcr die Netzwerk- und Clusterleistung<\/li>\n<li>Viele praktische \u00dcbungen<\/li>\n<\/ul>\n<h2>Good to know<\/h2>\n<details id=\"e-n-accordion-item-9280\" open>\n<summary data-accordion-index=\"1\" tabindex=\"0\" aria-expanded=\"true\" aria-controls=\"e-n-accordion-item-9280\" >\n\t\t\t\t\t 1. Kenntnisse<br \/>\n\t\t\t\t\t\t<\/summary>\n<p>Grundlagenkurs Deployment und Management oder praktische, gleichwertige Vorkenntnisse im Betrieb von Proxmox VE Servern.<\/p>\n<\/details>\n<details id=\"e-n-accordion-item-9281\" >\n<summary data-accordion-index=\"2\" tabindex=\"-1\" aria-expanded=\"false\" aria-controls=\"e-n-accordion-item-9281\" >\n\t\t\t\t\t 2. Preis<br \/>\n\t\t\t\t\t\t<\/summary>\n<p>1490,- Euro zzgl. MwSt.<\/p>\n<p>Sparen Sie mit unserem Bundle: <em><strong>Proxmox VE Deployment und Management<\/strong> + <strong>Proxmox VE Clustering und Shared Storage<\/strong>. <\/em>Nur 2760,-* Euro statt 2.980,-* Euro *zzgl. MwSt. Mehr Wissen f\u00fcr weniger Geld \u2013 jetzt zugreifen! (Gilt <strong>nur<\/strong> f\u00fcr Veranstaltungen der inett Academy.)<\/p>\n<\/details>\n<details id=\"e-n-accordion-item-9282\" >\n<summary data-accordion-index=\"3\" tabindex=\"-1\" aria-expanded=\"false\" aria-controls=\"e-n-accordion-item-9282\" >\n\t\t\t\t\t 3. Vorkenntnisse<br \/>\n\t\t\t\t\t\t<\/summary>\n<p>Grundlagenkurs Deployment und Management oder praktische, gleichwertige Vorkenntnisse im Betrieb von Proxmox VE Servern.<\/p>\n<\/details>\n<details id=\"e-n-accordion-item-9283\" >\n<summary data-accordion-index=\"4\" tabindex=\"-1\" aria-expanded=\"false\" aria-controls=\"e-n-accordion-item-9283\" >\n\t\t\t\t\t 4. Trainingsdauer<br \/>\n\t\t\t\t\t\t<\/summary>\n<p>2 Tage je 7 Stunden<\/p>\n<\/details>\n<details id=\"e-n-accordion-item-9284\" >\n<summary data-accordion-index=\"5\" tabindex=\"-1\" aria-expanded=\"false\" aria-controls=\"e-n-accordion-item-9284\" >\n\t\t\t\t\t 5. Ausstattung<br \/>\n\t\t\t\t\t\t<\/summary>\n<p>Laptop \/ Computer mit funktionierendem Internetzugang.<\/p>\n<\/details>\n<details id=\"e-n-accordion-item-9285\" >\n<summary data-accordion-index=\"6\" tabindex=\"-1\" aria-expanded=\"false\" aria-controls=\"e-n-accordion-item-9285\" >\n\t\t\t\t\t 6. Technische Hilfsmittel<br \/>\n\t\t\t\t\t\t<\/summary>\n<p>Kopfh\u00f6rer, Mikrofon und Webcam\u00a0 (betrifft Onlinekurse)<\/p>\n<\/details>\n<details id=\"e-n-accordion-item-9286\" >\n<summary data-accordion-index=\"7\" tabindex=\"-1\" aria-expanded=\"false\" aria-controls=\"e-n-accordion-item-9286\" >\n\t\t\t\t\t 7. Training Plus Promo<br \/>\n\t\t\t\t\t\t<\/summary>\n<ul>\n<li>20\u202f% Rabatt auf Proxmox Virtual Environment\u2011Subskriptionen, wenn sie innerhalb von\u202f2\u202fMonaten nach dem Training gekauft werden.<\/li>\n<li>Nur bei Neukauf, gilt nicht f\u00fcr Verl\u00e4ngerungen, Upgrades oder bestehende Vertr\u00e4ge.<\/li>\n<li>Beschr\u00e4nkt auf bis zu 13 Enterprise\u2011Support\u2011Subskriptionen (Basic, Standard oder Premium\u202f\u2013\u202fmaximal 13 Sockets).<\/li>\n<li>Nicht kombinierbar mit anderen Rabatten, R\u00fcckverg\u00fctungen oder Aktionen.<\/li>\n<li>Ausgeschlossen sind Subskriptionen zum Weiterverkauf.<\/li>\n<li>Kann einmalig pro Unternehmen eingel\u00f6st werden.<\/li>\n<\/ul>\n<\/details>\n<details id=\"e-n-accordion-item-9287\" >\n<summary data-accordion-index=\"8\" tabindex=\"-1\" aria-expanded=\"false\" aria-controls=\"e-n-accordion-item-9287\" >\n\t\t\t\t\t 8. Zertifikat<br \/>\n\t\t\t\t\t\t<\/summary>\n<p>Alle Teilnehmer:innen erhalten nach Abschluss des Trainings ein offizielles Proxmox Teilnahmezertifikat.<\/p>\n<\/details>\n<details id=\"e-n-accordion-item-9288\" >\n<summary data-accordion-index=\"9\" tabindex=\"-1\" aria-expanded=\"false\" aria-controls=\"e-n-accordion-item-9288\" >\n\t\t\t\t\t 9. Download<br \/>\n\t\t\t\t\t\t<\/summary>\n<p>\t\t\t\t\t<a href=\"https:\/\/inett.academy\/wp-content\/uploads\/2026\/02\/Proxmox-VE-Clustering-und-Shared-Storage-Kursinfo.pdf\" target=\"_blank\"><br \/>\n\t\t\t\t\t\t\t\t\tKurs-Facts als PDF downloaden<br \/>\n\t\t\t\t\t<\/a><br \/>\n\t\t\t\t\t<\/details>\n<p>Grundlagenkurs Deployment und Management oder praktische, gleichwertige Vorkenntnisse im Betrieb von Proxmox VE Servern.<\/p>\n<p>1490,- Euro zzgl. MwSt.<\/p>\n<p>Sparen Sie mit unserem Bundle: <em><strong>Proxmox VE Deployment und Management<\/strong> + <strong>Proxmox VE Clustering und Shared Storage<\/strong>. <\/em>Nur 2760,-* Euro statt 2.980,-* Euro *zzgl. MwSt. Mehr Wissen f\u00fcr weniger Geld \u2013 jetzt zugreifen! (Gilt <strong>nur<\/strong> f\u00fcr Veranstaltungen der inett Academy.)<\/p>\n<p>Grundlagenkurs Deployment und Management oder praktische, gleichwertige Vorkenntnisse im Betrieb von Proxmox VE Servern.<\/p>\n<p>2 Tage je 7 Stunden<\/p>\n<p>Laptop \/ Computer mit funktionierendem Internetzugang.<\/p>\n<p>Kopfh\u00f6rer, Mikrofon und Webcam\u00a0 (betrifft Onlinekurse)<\/p>\n<ul>\n<li>20\u202f% Rabatt auf Proxmox Virtual Environment\u2011Subskriptionen, wenn sie innerhalb von\u202f2\u202fMonaten nach dem Training gekauft werden.<\/li>\n<li>Nur bei Neukauf, gilt nicht f\u00fcr Verl\u00e4ngerungen, Upgrades oder bestehende Vertr\u00e4ge.<\/li>\n<li>Beschr\u00e4nkt auf bis zu 13 Enterprise\u2011Support\u2011Subskriptionen (Basic, Standard oder Premium\u202f\u2013\u202fmaximal 13 Sockets).<\/li>\n<li>Nicht kombinierbar mit anderen Rabatten, R\u00fcckverg\u00fctungen oder Aktionen.<\/li>\n<li>Ausgeschlossen sind Subskriptionen zum Weiterverkauf.<\/li>\n<li>Kann einmalig pro Unternehmen eingel\u00f6st werden.<\/li>\n<\/ul>\n<p>Alle Teilnehmer:innen erhalten nach Abschluss des Trainings ein offizielles Proxmox Teilnahmezertifikat.<\/p>\n<p>\t\t\t\t\t<a href=\"https:\/\/inett.academy\/wp-content\/uploads\/2026\/02\/Proxmox-VE-Clustering-und-Shared-Storage-Kursinfo.pdf\" target=\"_blank\"><br \/>\n\t\t\t\t\t\t\t\t\tKurs-Facts als PDF downloaden<br \/>\n\t\t\t\t\t<\/a><\/p>\n<h2  >\n\t\u00c4hnliche Veranstaltungen<\/h2>\n<ul  >\n<li  >\n\t<a href=\"https:\/\/inett.academy\/event\/proxmox-ve-deployment-und-management-24-25-maerz-2026\/\"   rel=\"bookmark\" tabindex=\"-1\"><br \/>\n\t<img width=\"800\" height=\"800\" src=\"https:\/\/inett.academy\/wp-content\/uploads\/2025\/11\/Kurs-Layout-Extern121-1024x1024.png\" alt=\"\" decoding=\"async\" srcset=\"https:\/\/inett.academy\/wp-content\/uploads\/2025\/11\/Kurs-Layout-Extern121-1024x1024.png 1024w, https:\/\/inett.academy\/wp-content\/uploads\/2025\/11\/Kurs-Layout-Extern121-300x300.png 300w, https:\/\/inett.academy\/wp-content\/uploads\/2025\/11\/Kurs-Layout-Extern121-150x150.png 150w, https:\/\/inett.academy\/wp-content\/uploads\/2025\/11\/Kurs-Layout-Extern121-768x768.png 768w, https:\/\/inett.academy\/wp-content\/uploads\/2025\/11\/Kurs-Layout-Extern121-600x600.png 600w, https:\/\/inett.academy\/wp-content\/uploads\/2025\/11\/Kurs-Layout-Extern121-100x100.png 100w, https:\/\/inett.academy\/wp-content\/uploads\/2025\/11\/Kurs-Layout-Extern121.png 1080w\" sizes=\"(max-width: 800px) 100vw, 800px\" \/>\t<\/a><\/p>\n<h3  >\n\t<a\n\t\t \t\thref=\"https:\/\/inett.academy\/event\/proxmox-ve-deployment-und-management-24-25-maerz-2026\/\"\n\t\trel=\"bookmark\"\n\t><br \/>\n\t\tProxmox VE | Deployment und Management <br \/>24. &#8211; 25. M\u00e4rz 2026\t<\/a><br \/>\n<\/h3>\n<p\t >\n\t24 M\u00e4rz \/\/ 9:00 &#8211; 25 M\u00e4rz \/\/ 17:00<\/p>\n<\/li>\n<li  >\n\t<a href=\"https:\/\/inett.academy\/event\/webinar-opnsense-firewall-im-enterprise-umfeld-25-03-2026\/\"   rel=\"bookmark\" tabindex=\"-1\"><br \/>\n\t<img width=\"800\" height=\"1000\" src=\"https:\/\/inett.academy\/wp-content\/uploads\/2026\/02\/OPNsense-Firewall-im-Enterprise-Umfeld-819x1024.png\" alt=\"\" decoding=\"async\" srcset=\"https:\/\/inett.academy\/wp-content\/uploads\/2026\/02\/OPNsense-Firewall-im-Enterprise-Umfeld-819x1024.png 819w, https:\/\/inett.academy\/wp-content\/uploads\/2026\/02\/OPNsense-Firewall-im-Enterprise-Umfeld-240x300.png 240w, https:\/\/inett.academy\/wp-content\/uploads\/2026\/02\/OPNsense-Firewall-im-Enterprise-Umfeld-768x960.png 768w, https:\/\/inett.academy\/wp-content\/uploads\/2026\/02\/OPNsense-Firewall-im-Enterprise-Umfeld-600x750.png 600w, https:\/\/inett.academy\/wp-content\/uploads\/2026\/02\/OPNsense-Firewall-im-Enterprise-Umfeld.png 1080w\" sizes=\"(max-width: 800px) 100vw, 800px\" \/>\t<\/a><\/p>\n<h3  >\n\t<a\n\t\t \t\thref=\"https:\/\/inett.academy\/event\/webinar-opnsense-firewall-im-enterprise-umfeld-25-03-2026\/\"\n\t\trel=\"bookmark\"\n\t><br \/>\n\t\tWebinar | OPNsense Firewall im Enterprise Umfeld <br \/>25.03.2026\t<\/a><br \/>\n<\/h3>\n<p\t >\n\t25 M\u00e4rz \/\/ 14:00 &#8211; 14:45<\/p>\n<\/li>\n<li  >\n\t<a href=\"https:\/\/inett.academy\/event\/webinar-opnsense-firewall-in-enterprise-area-26-03-2026\/\"   rel=\"bookmark\" tabindex=\"-1\"><br \/>\n\t\t\t<img\n\t\t\tsrc=\"\"\n\t\t\talt=\"placeholder image\"\n\t\t\/><br \/>\n\t\t\t<\/a><\/p>\n<h3  >\n\t<a\n\t\t \t\thref=\"https:\/\/inett.academy\/event\/webinar-opnsense-firewall-in-enterprise-area-26-03-2026\/\"\n\t\trel=\"bookmark\"\n\t><br \/>\n\t\tWebinar | OPNsense Firewall in Enterprise Area <br \/>26.03.2026\t<\/a><br \/>\n<\/h3>\n<p\t >\n\t26 M\u00e4rz \/\/ 14:00 &#8211; 14:45<\/p>\n<\/li>\n<\/ul>\n<p>\t<img loading=\"lazy\" width=\"800\" height=\"800\" src=\"https:\/\/inett.academy\/wp-content\/uploads\/2025\/10\/Kurs-Layout-Extern13-1024x1024.png\" alt=\"\" decoding=\"async\" srcset=\"https:\/\/inett.academy\/wp-content\/uploads\/2025\/10\/Kurs-Layout-Extern13-1024x1024.png 1024w, https:\/\/inett.academy\/wp-content\/uploads\/2025\/10\/Kurs-Layout-Extern13-300x300.png 300w, https:\/\/inett.academy\/wp-content\/uploads\/2025\/10\/Kurs-Layout-Extern13-150x150.png 150w, https:\/\/inett.academy\/wp-content\/uploads\/2025\/10\/Kurs-Layout-Extern13-768x768.png 768w, https:\/\/inett.academy\/wp-content\/uploads\/2025\/10\/Kurs-Layout-Extern13-600x600.png 600w, https:\/\/inett.academy\/wp-content\/uploads\/2025\/10\/Kurs-Layout-Extern13-100x100.png 100w, https:\/\/inett.academy\/wp-content\/uploads\/2025\/10\/Kurs-Layout-Extern13.png 1080w\" sizes=\"(max-width: 800px) 100vw, 800px\" \/><\/p>\n<h3  >\n\tDatum und Uhrzeit:<\/h3>\n<p>\t\t\t26 M\u00e4rz 2026<br \/>\n\t  &#8211;<br \/>\n\t27 M\u00e4rz 2026<br \/>\n9:00<br \/>\nCET<br \/>\n\t  &#8211;<br \/>\n17:00<br \/>\nCET<\/p>\n<h3  >\n\t\t\t<a   href=\"https:\/\/inett.academy\/veranstaltungsort\/online\/\"><br \/>\n\t\tOnlinekurs\t\t\t<\/a><br \/>\n\t<\/h3>\n<form\n\t\tid=\"tribe-tickets__tickets-form\"\n\t\taction=\"https:\/\/inett.academy\/checkout\/\"\n\t\tclass=\"tribe-tickets__tickets-form tribe-tickets__form\"\n\t\tmethod=\"post\"\n\t\tenctype='multipart\/form-data'\n\t\tdata-provider=\"Tribe__Tickets_Plus__Commerce__WooCommerce__Main\"\n\t\tautocomplete=\"off\"\n\t\tdata-provider-id=\"woo\"\n\t\tdata-post-id=\"36396\"\n\t\tnovalidate\n\t><br \/>\n\t\t<input type=\"hidden\" name=\"tribe_tickets_saving_attendees\" value=\"1\"\/><br \/>\n\t\t<input type=\"hidden\" name=\"tribe_tickets_ar\" value=\"1\"\/><br \/>\n\t\t<input type=\"hidden\" name=\"tribe_tickets_ar_data\" value=\"\" id=\"tribe_tickets_block_ar_data\"\/><br \/>\n\t\t<input\n\ttype=\"hidden\"\n\tid=\"wootickets_process\"\n\tname=\"wootickets_process\"\n\tvalue=\"1\"\n\/><br \/>\n<input name=\"provider\" value=\"Tribe__Tickets_Plus__Commerce__WooCommerce__Main\" type=\"hidden\"><\/p>\n<h2>\n\tTickets<\/h2>\n<p>\t\tDie unten stehende Nummer beinhaltet Tickets f\u00fcr diese Veranstaltung aus dem Warenkorb. Durch einen Klick auf &#8222;Tickets kaufen&#8220; k\u00f6nnen vorhandene Teilnehmerinformationen bearbeitet sowie die Ticketsanzahl ver\u00e4ndert werden.<br \/>\n\t\t\t\tClustering und Shared Storage \/\/ 26. &#8211; 27. M\u00e4rz 2026<br \/>\n\tProxmox VE | Clustering und Shared Storage<br \/>\n26. &#8211; 27. M\u00e4rz 2026 | Virtual Training<br \/>\n\t\t\t\t\t\t1,490.00<br \/>\n\t\t\t\t\t\t&euro;<br \/>\n\t 3  verf\u00fcgbar<br \/>\n\t<label\n\t\tclass=\"tribe-common-a11y-visual-hide\"\n\t\tfor=\"tribe-tickets__tickets-item-quantity-number--36397\"\n\t><br \/>\n\t\tAnzahl\t<\/label><br \/>\n\t<input\n\t\tid=\"tribe-tickets__tickets-item-quantity-number--36397\"\n\t\ttype=\"number\"\n\t\tclass=\"tribe-common-h3 tribe-common-h4--min-medium tribe-tickets__tickets-item-quantity-number-input\"\n\t\tstep=\"1\"\n\t\tmin=\"0\"\n\t\tmax=\"3\"\n\t\tvalue=\"0\"\n\t\tautocomplete=\"off\"\n\t\t\t\t\treadonly=\"true\"\n\t\t\t\t\t\/><br \/>\n\t\t<input\n\t\tname=\"attendee[optout]\"\n\t\tvalue=\"1\"\n\t\ttype=\"hidden\"\n\t\/><br \/>\n\t\t\t\tDeployment und Management \/\/ 24. &#8211; 25. M\u00e4rz 2026<br \/>\n\tProxmox VE | Deployment und Management<br \/>\n24. &#8211; 25. M\u00e4rz 2026 | Virtual Training<br \/>\n\t\t\t\t\t\t1,490.00<br \/>\n\t\t\t\t\t\t&euro;<br \/>\n\t 0  verf\u00fcgbar<br \/>\n\tAusverkauft<br \/>\n\t\t<input\n\t\tname=\"attendee[optout]\"\n\t\tvalue=\"1\"\n\t\ttype=\"hidden\"\n\t\/><br \/>\n\t\tAnzahl<br \/>\n\t0<br \/>\n\t\tSumme:<br \/>\n\t\t\t\t\t\t0.00<br \/>\n\t\t\t\t\t\t&euro;<br \/>\n\t<button\n\tclass=\"tribe-common-c-btn tribe-common-c-btn--small tribe-tickets__tickets-buy\"\n\t\tdata-content=\"dialog-content-69bbef458f07b\"\n\tdata-js=\"trigger-dialog-69bbef458f07b\"\n\t\t\tid=\"tribe-tickets__tickets-submit\"\n\t\t\t\tname=\"Tribe__Tickets_Plus__Commerce__WooCommerce__Main_get_tickets\"\n\t\t\t\ttype=\"submit\"\n\t\t\t\t\tdisabled aria-disabled=\"true\"\t>Tickets kaufen<\/button><br \/>\n\t<svg\n\t \taria-hidden=\"true\"\n\tviewBox=\"0 0 15 15\"\n\txmlns=\"http:\/\/www.w3.org\/2000\/svg\"\n>\n\t<circle cx=\"7.5\" cy=\"7.5\" r=\"7.5\"\/>\n<\/svg><br \/>\n\t<svg\n\t \taria-hidden=\"true\"\n\tviewBox=\"0 0 15 15\"\n\txmlns=\"http:\/\/www.w3.org\/2000\/svg\"\n>\n\t<circle cx=\"7.5\" cy=\"7.5\" r=\"7.5\"\/>\n<\/svg><br \/>\n\t<svg\n\t \taria-hidden=\"true\"\n\tviewBox=\"0 0 15 15\"\n\txmlns=\"http:\/\/www.w3.org\/2000\/svg\"\n>\n\t<circle cx=\"7.5\" cy=\"7.5\" r=\"7.5\"\/>\n<\/svg><br \/>\n\t\t\t<\/form>\n<p><strong>INFO: <\/strong>Sparen Sie mit unserem Bundle: <em><strong>Proxmox VE<\/strong> <strong>Deployment und Management<\/strong> + <strong>Proxmox VE Clustering und Shared Storage<\/strong>. <\/em>Nur 2760,-* Euro statt 2.980,-* Euro *zzgl. MwSt. Mehr Wissen f\u00fcr weniger Geld \u2013 jetzt zugreifen!<\/p>\n<p><strong>Haben Sie Fragen zum Kurs oder ben\u00f6tigen Sie ein Angebot? Wir beraten Sie gerne.<\/strong><\/p>\n<h2>Das sagen unsere Teilnehmenden <br \/> \u00fcber unser Kursangebot<\/h2>\n<section>\n      <!-- 1 --><\/p>\n<article data-collapsed=\"true\">\n        \u2713 Verifizierte Bewertung<\/p>\n<h3>Informativ, praxisnah \u2013 klare Empfehlungen.<\/h3>\n<p>\n            Der Kurs von Inett entsprach genau meinen Erwartungen \u2013 informativ, reich an Wissen und praxisnah.<br \/>\n            Der Trainer konnte alle Fragen kompetent beantworten und gab uns wertvolle Tipps und Tricks mit auf den Weg.\n          <\/p>\n<p>Der Kurs war hervorragend, und ich kann ihn uneingeschr\u00e4nkt weiterempfehlen.<\/p>\n<p>        Weiterlesen<br \/>\n          <strong>Gabriel J.<\/strong>|Proxmox VE- Deplayment &#038; Management + Clustering &#038; Shared<br \/>\n      <\/article>\n<p>      <!-- 2 --><\/p>\n<article data-collapsed=\"true\">\n        \u2713 Verifizierte Bewertung<\/p>\n<h3>Top Trainer, super Location, rundum organisiert.<\/h3>\n<p>\n            Mir hat das Training sehr gut gefallen. Der Trainer Guillaume ist sehr nett und fachlich sehr gut.<br \/>\n            Die Location war super und es hat an nichts gefehlt.\n          <\/p>\n<p>Die gesamte Organisation war auch sehr gut.<\/p>\n<p>        Weiterlesen<br \/>\n          <strong>Leon S.<\/strong>|Proxmox VE &#8211; Deployment &#038; Management + Clustering &#038; Shared<br \/>\n      <\/article>\n<p>      <!-- 3 --><\/p>\n<article data-collapsed=\"true\">\n        \u2713 Verifizierte Bewertung<\/p>\n<h3>Auch f\u00fcr erfahrene Nutzer: echter Mehrwert.<\/h3>\n<p>\n            Ich habe in diesem Kurs im LinuxHotel ausschlie\u00dflich gute Erfahrungen gemacht. Mir ging es prim\u00e4r um das Zertifikat,<br \/>\n            da ich PVE schon 5 Jahre privat einsetze. Trotzdem habe ich noch einiges hinzugelernt und fand den Kurs von L\u00e4nge und Inhalt her genau richtig.\n          <\/p>\n<p>\n              Offener Punkt ist f\u00fcr mich lediglich die automatische Erstellung von kostenlosen Zertifikaten \u00fcber ACME (Let&#8217;s Encrypt).<br \/>\n              Ohne Anleitung ist das f\u00fcr die meisten schwierig. Guillaume erkl\u00e4rt Technik und Zusammenh\u00e4nge sehr gut, sodass auch Einsteiger gut zurechtkommen.<br \/>\n              F\u00fcr mich wird die Advanced-Schulung interessant \u2013 die w\u00fcrde ich wieder \u00fcber Inett buchen. Zum LinuxHotel: Ort der Ruhe und Fortbildung, ideal gelegen und sehr sch\u00f6n ausgestattet.\n            <\/p>\n<p>        Weiterlesen<br \/>\n          <strong>Joachim K.<\/strong>|Proxmox VE &#8211; Deployment &#038; Management + Clustering &#038; Shared<br \/>\n      <\/article>\n<p>      <!-- 4 --><\/p>\n<article data-collapsed=\"true\">\n        \u2713 Verifizierte Bewertung<\/p>\n<h3>Angenehm und lehrreich \u2013 Fragen z\u00fcgig gekl\u00e4rt.<\/h3>\n<p>\n            Die beiden Kurse welche ich bei Herrn Delanoy besucht habe, waren von der ersten Minute bis zur letzten angenehm und lehrreich,<br \/>\n            die Kurse vermittelten mir sehr viel Wissen. Fragen wurden z\u00fcgig beantwortet und Herr Delanoy fragte sogar intern nach,<br \/>\n            falls er etwas nicht beantworten konnte.\n          <\/p>\n<p>\n              Alles in allem ein Kurs, den ich jedem ans Herz legen kann, der sich mit Proxmox besch\u00e4ftigen m\u00f6chte.<br \/>\n              Vielen Dank an dieser Stelle auch nochmal an die inett GmbH, da jeder Kontakt sehr freundlich und z\u00fcgig bearbeitet wurde.\n            <\/p>\n<p>        Weiterlesen<br \/>\n          <strong>Achim B.<\/strong>|Proxmox VE &#8211; Deployment &#038; Management + Clustering &#038; Shared<br \/>\n      <\/article>\n<p>      <!-- 5 --><\/p>\n<article data-collapsed=\"true\">\n        \u2713 Verifizierte Bewertung<\/p>\n<h3>Extrem viele Infos \u2013 Trainingsleiter ging auf alles ein.<\/h3>\n<p>\n            Der Kurs war super. Wir haben extrem viele Informationen bekommen und der Trainingsleiter ist auf all unsere Fragen eingegangen.<br \/>\n            Die Trainingsumgebung hat auch sehr gut funktioniert.\n          <\/p>\n<p>Vielen Dank nochmal.<\/p>\n<p>        Weiterlesen<br \/>\n          <strong>Sebastian G.<\/strong>|Proxmox VE &#8211; Deployment &#038; Management + Clustering &#038; Shared<br \/>\n      <\/article>\n<p>      <!-- 6 --><\/p>\n<article data-collapsed=\"true\">\n        \u2713 Verifizierte Bewertung<\/p>\n<h3>Anspruchsvoll und praxisnah \u2013 Test-Cluster problemlos umgesetzt.<\/h3>\n<p>\n            Diese Kurse waren wirklich sehr anspruchsvoll und praxisnah. Es herrschte eine tolle Lernatmosph\u00e4re und Guillaume ging auf Nachfragen speziell ein.<br \/>\n            Mir ist es nun problemlos gelungen, ein Test-Cluster mit GlusterFS aufzusetzen.\n          <\/p>\n<p>\n              Auch die Versorgung mit Snacks und dem schmackhaften Mittagessen war hervorragend. Macht weiter so.\n            <\/p>\n<p>        Weiterlesen<br \/>\n          <strong>Michael S.<\/strong>|Proxmox VE &#8211; Deployment &#038; Management + Clustering &#038; Shared<br \/>\n      <\/article>\n<p>      <!-- 7 --><\/p>\n<article data-collapsed=\"true\">\n        \u2713 Verifizierte Bewertung<\/p>\n<h3>Sehr gut aufbereitet \u2013 solide Labs, performant.<\/h3>\n<p>\n            Sehr gut aufbereitet und nahegebracht. Die Labore haben gut funktioniert. Die Umgebung war ausreichend performant.<br \/>\n            Fragen wurden hinreichend beantwortet. Zwei weitergehende Kurse w\u00e4ren noch interessant: SDN \/ OpenVSwitch und Ceph.\n          <\/p>\n<p>\n              Dass diese Punkte nur angerissen werden konnten war klar, allerdings sind diese f\u00fcr Umsteiger interessant.<br \/>\n              Verbessern k\u00f6nnte man die Inhalte noch im Bereich Systemh\u00e4rtung.\n            <\/p>\n<p>        Weiterlesen<br \/>\n          <strong>Dirk T.<\/strong>|Proxmox VE &#8211; Deployment &#038; Management + Clustering &#038; Shared<br \/>\n      <\/article>\n<p>      <!-- 8 --><\/p>\n<article data-collapsed=\"true\">\n        \u2713 Verifizierte Bewertung<\/p>\n<h3>100% gelohnt \u2013 praxisnah und kurzweilig.<\/h3>\n<p>\n            Die Teilnahme an den beiden Kursen hat sich 100% gelohnt. Ich konnte mein Wissen auffrischen und vertiefen.<br \/>\n            Der Referent (Marco Gabriel) hat das Wissen sehr praxisnah und kurzweilig vermittelt. Vor allem das direkte praktische Umsetzen<br \/>\n            in der \u00dcbungsumgebung hat zum Erfolg beigetragen.\n          <\/p>\n<p>\n              Auch das Miteinbeziehen der Teilnehmer war hilfreich. Die Kurse kann ich uneingeschr\u00e4nkt weiterempfehlen.\n            <\/p>\n<p>        Weiterlesen<br \/>\n          <strong>Thomas S.<\/strong>|Proxmox VE &#8211; Deployment &#038; Management + Clustering &#038; Shared<br \/>\n      <\/article>\n<\/section>\n<style>\n.reviews-section{\n  padding: 24px 0;\n  font-family: system-ui, -apple-system, BlinkMacSystemFont, \"Segoe UI\", sans-serif;\n}\n.reviews-wrapper{\n  max-width: 1200px;\n  margin: 0 auto;\n  overflow: hidden;\n}\n.reviews-track{\n  display:flex;\n  gap:24px;\n  transition: transform .4s ease;\n  will-change: transform;\n}\n.review-card{\n  flex: 0 0 calc((100% - 48px) \/ 3);\n  background:#fff;\n  border-radius:22px;\n  padding:22px;\n  box-shadow: 0 10px 30px rgba(0,0,0,.08);\n  display:flex;\n  flex-direction:column;\n}\n.badge{\n  display:inline-block;\n  background: rgba(0,163,89,.12);\n  color:#0a7a49;\n  font-weight:700;\n  padding:8px 14px;\n  border-radius:999px;\n  font-size:13px;\n  width: fit-content;\n}\n.title{\n  margin: 14px 0 10px;\n  font-size: 14px;\n  line-height: 1.35;\n  font-weight: 800;\n  color:#111;\n}\n.review-card p{\n  font-size: 15px;\n  line-height: 1.7;\n  color:#4b4b4b;\n  margin:0;\n}\n.content{\n  min-height: 175px;\n}\n.excerpt{\n  position:relative;\n  max-height: 125px;\n  overflow:hidden;\n}\n.excerpt::after{\n  content:\"\";\n  position:absolute;\n  left:0; right:0; bottom:0;\n  height: 34px;\n  background: linear-gradient(to bottom, rgba(255,255,255,0), #fff);\n}\n.toggle{\n  margin-top: 10px;\n  font-weight: 800;\n  cursor:pointer;\n  color:#e6410f;\n  width: fit-content;\n}\n.toggle:hover{ text-decoration: underline; }\n.footer{\n  margin-top: 14px;\n  padding-top: 12px;\n  border-top:1px solid rgba(0,0,0,.1);\n  font-size:14px;\n}\n.sep{ color:#999; margin: 0 6px; }\n.dots{\n  display:flex;\n  justify-content:center;\n  gap:10px;\n  margin-top: 16px;\n}\n.dots button{\n  width:8px;\n  height:8px;\n  border-radius:50%;\n  border:1px solid #fff;\n  background: transparent;\n  cursor:pointer;\n  padding:0;\n}\n.dots button.active{\n  background:#fff;\n}\n@media (max-width: 1024px){\n  .review-card{ flex: 0 0 calc((100% - 24px) \/ 2); }\n  .content{ min-height: 190px; }\n}\n@media (max-width: 640px){\n  .review-card{ flex: 0 0 100%; }\n  .content{ min-height: 0; }\n}\n<\/style>","excerpt":"<p>Betrieb und Administration komplexer Proxmox VE HA Infrastrukturen inkl. Networking und Storage.<\/p>","slug":"proxmox-ve-clustering-und-shared-storage-26-27-maerz-2026","image":{"url":"https:\/\/inett.academy\/wp-content\/uploads\/2025\/10\/Kurs-Layout-Extern13.png","id":37211,"extension":"png","width":1080,"height":1080,"filesize":813514,"sizes":{"medium":{"width":300,"height":300,"mime-type":"image\/png","filesize":41427,"url":"https:\/\/inett.academy\/wp-content\/uploads\/2025\/10\/Kurs-Layout-Extern13-300x300.png"},"large":{"width":1024,"height":1024,"mime-type":"image\/png","filesize":384244,"url":"https:\/\/inett.academy\/wp-content\/uploads\/2025\/10\/Kurs-Layout-Extern13-1024x1024.png"},"thumbnail":{"width":150,"height":150,"mime-type":"image\/png","filesize":13137,"url":"https:\/\/inett.academy\/wp-content\/uploads\/2025\/10\/Kurs-Layout-Extern13-150x150.png"},"medium_large":{"width":768,"height":768,"mime-type":"image\/png","filesize":214303,"url":"https:\/\/inett.academy\/wp-content\/uploads\/2025\/10\/Kurs-Layout-Extern13-768x768.png"},"woocommerce_thumbnail":{"width":300,"height":300,"mime-type":"image\/png","filesize":41427,"uncropped":false,"url":"https:\/\/inett.academy\/wp-content\/uploads\/2025\/10\/Kurs-Layout-Extern13-300x300.png"},"woocommerce_single":{"width":600,"height":600,"mime-type":"image\/png","filesize":132694,"url":"https:\/\/inett.academy\/wp-content\/uploads\/2025\/10\/Kurs-Layout-Extern13-600x600.png"},"woocommerce_gallery_thumbnail":{"width":100,"height":100,"mime-type":"image\/png","filesize":7001,"url":"https:\/\/inett.academy\/wp-content\/uploads\/2025\/10\/Kurs-Layout-Extern13-100x100.png"},"cmplz_banner_image":{"width":350,"height":100,"mime-type":"image\/png","filesize":14097,"url":"https:\/\/inett.academy\/wp-content\/uploads\/2025\/10\/Kurs-Layout-Extern13-350x100.png"}}},"all_day":false,"start_date":"2026-03-26 09:00:00","start_date_details":{"year":"2026","month":"03","day":"26","hour":"09","minutes":"00","seconds":"00"},"end_date":"2026-03-27 17:00:00","end_date_details":{"year":"2026","month":"03","day":"27","hour":"17","minutes":"00","seconds":"00"},"utc_start_date":"2026-03-26 08:00:00","utc_start_date_details":{"year":"2026","month":"03","day":"26","hour":"08","minutes":"00","seconds":"00"},"utc_end_date":"2026-03-27 16:00:00","utc_end_date_details":{"year":"2026","month":"03","day":"27","hour":"16","minutes":"00","seconds":"00"},"timezone":"Europe\/Berlin","timezone_abbr":"CET","cost":"","cost_details":{"currency_symbol":"&euro;","currency_code":"","currency_position":"postfix","values":[]},"website":"www.inett.academy","show_map":false,"show_map_link":false,"hide_from_listings":false,"sticky":false,"featured":false,"categories":[{"name":"Proxmox","slug":"proxmox-schulungen","term_group":0,"term_taxonomy_id":250,"taxonomy":"tribe_events_cat","description":"","parent":0,"count":102,"filter":"raw","id":250,"urls":{"self":"https:\/\/inett.academy\/en\/wp-json\/tribe\/events\/v1\/categories\/250","collection":"https:\/\/inett.academy\/en\/wp-json\/tribe\/events\/v1\/categories"}},{"name":"Proxmox VE Clustering und Shared Storage","slug":"proxmox-ve-clustering-und-shared-storage","term_group":0,"term_taxonomy_id":356,"taxonomy":"tribe_events_cat","description":"","parent":250,"count":30,"filter":"raw","id":356,"urls":{"self":"https:\/\/inett.academy\/en\/wp-json\/tribe\/events\/v1\/categories\/356","collection":"https:\/\/inett.academy\/en\/wp-json\/tribe\/events\/v1\/categories","up":"https:\/\/inett.academy\/en\/wp-json\/tribe\/events\/v1\/categories\/250"}}],"tags":[{"name":"Clustering und Shared Storage","slug":"clustering-und-shared-storage","term_group":0,"term_taxonomy_id":357,"taxonomy":"post_tag","description":"","parent":0,"count":30,"filter":"raw","id":357,"urls":{"self":"https:\/\/inett.academy\/en\/wp-json\/tribe\/events\/v1\/tags\/357","collection":"https:\/\/inett.academy\/en\/wp-json\/tribe\/events\/v1\/tags"}},{"name":"Digital","slug":"digital","term_group":0,"term_taxonomy_id":304,"taxonomy":"post_tag","description":"","parent":0,"count":51,"filter":"raw","id":304,"urls":{"self":"https:\/\/inett.academy\/en\/wp-json\/tribe\/events\/v1\/tags\/304","collection":"https:\/\/inett.academy\/en\/wp-json\/tribe\/events\/v1\/tags"}},{"name":"Guillaume Delanoy","slug":"guillaume-delanoy","term_group":0,"term_taxonomy_id":334,"taxonomy":"post_tag","description":"","parent":0,"count":59,"filter":"raw","id":334,"urls":{"self":"https:\/\/inett.academy\/en\/wp-json\/tribe\/events\/v1\/tags\/334","collection":"https:\/\/inett.academy\/en\/wp-json\/tribe\/events\/v1\/tags"}},{"name":"M\u00e4rz","slug":"maerz","term_group":0,"term_taxonomy_id":451,"taxonomy":"post_tag","description":"","parent":0,"count":8,"filter":"raw","id":451,"urls":{"self":"https:\/\/inett.academy\/en\/wp-json\/tribe\/events\/v1\/tags\/451","collection":"https:\/\/inett.academy\/en\/wp-json\/tribe\/events\/v1\/tags"}},{"name":"Online","slug":"online","term_group":0,"term_taxonomy_id":301,"taxonomy":"post_tag","description":"","parent":0,"count":108,"filter":"raw","id":301,"urls":{"self":"https:\/\/inett.academy\/en\/wp-json\/tribe\/events\/v1\/tags\/301","collection":"https:\/\/inett.academy\/en\/wp-json\/tribe\/events\/v1\/tags"}},{"name":"Proxmox","slug":"proxmox","term_group":0,"term_taxonomy_id":265,"taxonomy":"post_tag","description":"","parent":0,"count":106,"filter":"raw","id":265,"urls":{"self":"https:\/\/inett.academy\/en\/wp-json\/tribe\/events\/v1\/tags\/265","collection":"https:\/\/inett.academy\/en\/wp-json\/tribe\/events\/v1\/tags"}},{"name":"proxmoxve","slug":"proxmoxve","term_group":0,"term_taxonomy_id":272,"taxonomy":"post_tag","description":"","parent":0,"count":69,"filter":"raw","id":272,"urls":{"self":"https:\/\/inett.academy\/en\/wp-json\/tribe\/events\/v1\/tags\/272","collection":"https:\/\/inett.academy\/en\/wp-json\/tribe\/events\/v1\/tags"}},{"name":"Remote","slug":"remote","term_group":0,"term_taxonomy_id":303,"taxonomy":"post_tag","description":"","parent":0,"count":53,"filter":"raw","id":303,"urls":{"self":"https:\/\/inett.academy\/en\/wp-json\/tribe\/events\/v1\/tags\/303","collection":"https:\/\/inett.academy\/en\/wp-json\/tribe\/events\/v1\/tags"}},{"name":"Webbasiert","slug":"webbasiert","term_group":0,"term_taxonomy_id":302,"taxonomy":"post_tag","description":"","parent":0,"count":51,"filter":"raw","id":302,"urls":{"self":"https:\/\/inett.academy\/en\/wp-json\/tribe\/events\/v1\/tags\/302","collection":"https:\/\/inett.academy\/en\/wp-json\/tribe\/events\/v1\/tags"}}],"venue":{"id":20732,"author":"2","status":"publish","date":"2023-12-11 22:49:45","date_utc":"2023-12-11 21:49:45","modified":"2024-06-10 15:31:19","modified_utc":"2024-06-10 13:31:19","url":"https:\/\/inett.academy\/en\/veranstaltungsort\/online\/","venue":"Onlinekurs","slug":"online","json_ld":{"@type":"Place","name":"Onlinekurs","description":"","url":"https:\/\/inett.academy\/en\/veranstaltungsort\/online\/","address":{"@type":"PostalAddress"},"telephone":"","sameAs":""},"show_map":true,"show_map_link":true,"global_id":"inett.academy\/en?id=20732","global_id_lineage":["inett.academy\/en?id=20732"]},"organizer":[{"id":20735,"author":"2","status":"publish","date":"2023-12-12 09:18:11","date_utc":"2023-12-12 08:18:11","modified":"2023-12-12 09:18:11","modified_utc":"2023-12-12 08:18:11","url":"https:\/\/inett.academy\/en\/veranstalter\/inett-academy\/","organizer":"inett Academy","slug":"inett-academy","email":"academy@inett.de","json_ld":{"@type":"Person","name":"inett Academy","description":"","url":"","telephone":"","email":"&#97;&#99;&#97;&#100;&#101;&#109;y&#64;i&#110;&#101;t&#116;.d&#101;","sameAs":""},"global_id":"inett.academy\/en?id=20735","global_id_lineage":["inett.academy\/en?id=20735"]}],"custom_fields":[],"json_ld":{"@context":"http:\/\/schema.org","@type":"Event","name":"Proxmox VE | Clustering und Shared Storage &lt;br&gt;26. \u2013 27. M\u00e4rz 2026","description":"&lt;p&gt;Betrieb und Administration komplexer Proxmox VE HA Infrastrukturen inkl. Networking und Storage.&lt;\/p&gt;\\n","image":"https:\/\/inett.academy\/wp-content\/uploads\/2025\/10\/Kurs-Layout-Extern13.png","url":"https:\/\/inett.academy\/en\/event\/proxmox-ve-clustering-und-shared-storage-26-27-maerz-2026\/","eventAttendanceMode":"https:\/\/schema.org\/OfflineEventAttendanceMode","eventStatus":"https:\/\/schema.org\/EventScheduled","startDate":"2026-03-26T09:00:00+01:00","endDate":"2026-03-27T17:00:00+01:00","location":{"@type":"Place","name":"Onlinekurs","description":"","url":"https:\/\/inett.academy\/en\/veranstaltungsort\/online\/","address":{"@type":"PostalAddress"},"telephone":"","sameAs":""},"organizer":{"@type":"Person","name":"inett Academy","description":"","url":"","telephone":"","email":"&#97;&#99;a&#100;&#101;&#109;&#121;&#64;&#105;&#110;&#101;&#116;t&#46;&#100;&#101;","sameAs":""},"performer":"Organization"},"ticketed":false,"is_virtual":false,"virtual_url":null,"virtual_video_source":""}