{"id":36342,"date":"2025-10-09T13:13:40","date_gmt":"2025-10-09T11:13:40","guid":{"rendered":"https:\/\/inett.academy\/?p=36342"},"modified":"2026-01-16T10:56:18","modified_gmt":"2026-01-16T09:56:18","slug":"neuer-kurstermin-proxmox-ve-training-im-november-2025","status":"publish","type":"post","link":"https:\/\/inett.academy\/en\/neuer-kurstermin-proxmox-ve-training-im-november-2025\/","title":{"rendered":"Neuer Kurstermin: Proxmox VE Training im November 2025"},"content":{"rendered":"<div data-elementor-type=\"wp-post\" data-elementor-id=\"36342\" class=\"elementor elementor-36342\" data-elementor-post-type=\"post\">\n\t\t\t\t\t\t<section class=\"elementor-section elementor-top-section elementor-element elementor-element-d9d93c2 elementor-section-full_width elementor-section-stretched elementor-section-height-default elementor-section-height-default\" data-id=\"d9d93c2\" data-element_type=\"section\" data-e-type=\"section\" data-settings=\"{&quot;background_background&quot;:&quot;classic&quot;,&quot;stretch_section&quot;:&quot;section-stretched&quot;}\">\n\t\t\t\t\t\t<div class=\"elementor-container elementor-column-gap-no\">\n\t\t\t\t\t<div class=\"elementor-column elementor-col-100 elementor-top-column elementor-element elementor-element-e5cec75\" data-id=\"e5cec75\" data-element_type=\"column\" data-e-type=\"column\">\n\t\t\t<div class=\"elementor-widget-wrap elementor-element-populated\">\n\t\t\t\t\t\t<section class=\"elementor-section elementor-inner-section elementor-element elementor-element-fb74d9d elementor-section-boxed elementor-section-height-default elementor-section-height-default\" data-id=\"fb74d9d\" data-element_type=\"section\" data-e-type=\"section\">\n\t\t\t\t\t\t<div class=\"elementor-container elementor-column-gap-no\">\n\t\t\t\t\t<div class=\"elementor-column elementor-col-100 elementor-inner-column elementor-element elementor-element-874b113\" data-id=\"874b113\" data-element_type=\"column\" data-e-type=\"column\">\n\t\t\t<div class=\"elementor-widget-wrap elementor-element-populated\">\n\t\t\t\t\t\t<div class=\"elementor-element elementor-element-b46ab2d elementor-widget elementor-widget-theme-post-title elementor-page-title elementor-widget-heading\" data-id=\"b46ab2d\" data-element_type=\"widget\" data-e-type=\"widget\" data-widget_type=\"theme-post-title.default\">\n\t\t\t\t<div class=\"elementor-widget-container\">\n\t\t\t\t\t<h1 class=\"elementor-heading-title elementor-size-default\">Neuer Kurstermin: Proxmox VE Training im November 2025<\/h1>\t\t\t\t<\/div>\n\t\t\t\t<\/div>\n\t\t\t\t\t<\/div>\n\t\t<\/div>\n\t\t\t\t\t<\/div>\n\t\t<\/section>\n\t\t\t\t\t<\/div>\n\t\t<\/div>\n\t\t\t\t\t<\/div>\n\t\t<\/section>\n\t\t<div class=\"elementor-element elementor-element-5f6544a e-flex e-con-boxed e-con e-parent\" data-id=\"5f6544a\" data-element_type=\"container\" data-e-type=\"container\">\n\t\t\t\t\t<div class=\"e-con-inner\">\n\t\t\t\t<div class=\"elementor-element elementor-element-79aba8d elementor-widget elementor-widget-spacer\" data-id=\"79aba8d\" data-element_type=\"widget\" data-e-type=\"widget\" data-widget_type=\"spacer.default\">\n\t\t\t\t<div class=\"elementor-widget-container\">\n\t\t\t\t\t\t\t<div class=\"elementor-spacer\">\n\t\t\t<div class=\"elementor-spacer-inner\"><\/div>\n\t\t<\/div>\n\t\t\t\t\t\t<\/div>\n\t\t\t\t<\/div>\n\t\t\t\t\t<\/div>\n\t\t\t\t<\/div>\n\t\t\t\t<section class=\"elementor-section elementor-top-section elementor-element elementor-element-bfa42c5 elementor-section-boxed elementor-section-height-default elementor-section-height-default\" data-id=\"bfa42c5\" data-element_type=\"section\" data-e-type=\"section\">\n\t\t\t\t\t\t\t<div class=\"elementor-background-overlay\"><\/div>\n\t\t\t\t\t\t\t<div class=\"elementor-container elementor-column-gap-default\">\n\t\t\t\t\t<div class=\"elementor-column elementor-col-100 elementor-top-column elementor-element elementor-element-1035fbd\" data-id=\"1035fbd\" data-element_type=\"column\" data-e-type=\"column\" data-settings=\"{&quot;background_background&quot;:&quot;classic&quot;}\">\n\t\t\t<div class=\"elementor-widget-wrap elementor-element-populated\">\n\t\t\t\t\t\t<div class=\"elementor-element elementor-element-041136a elementor-widget elementor-widget-spacer\" data-id=\"041136a\" data-element_type=\"widget\" data-e-type=\"widget\" data-widget_type=\"spacer.default\">\n\t\t\t\t<div class=\"elementor-widget-container\">\n\t\t\t\t\t\t\t<div class=\"elementor-spacer\">\n\t\t\t<div class=\"elementor-spacer-inner\"><\/div>\n\t\t<\/div>\n\t\t\t\t\t\t<\/div>\n\t\t\t\t<\/div>\n\t\t\t\t<div class=\"elementor-element elementor-element-ff7b618 elementor-widget elementor-widget-text-editor\" data-id=\"ff7b618\" data-element_type=\"widget\" data-e-type=\"widget\" data-widget_type=\"text-editor.default\">\n\t\t\t\t<div class=\"elementor-widget-container\">\n\t\t\t\t\t\t\t\t\t<p data-start=\"338\" data-end=\"695\">Im November ist es wieder soweit: In Saarbr\u00fccken finden unsere beliebten <strong data-start=\"411\" data-end=\"442\">Proxmox VE Pr\u00e4senztrainings<\/strong> statt. An vier intensiven Tagen vermitteln unsere erfahrenen Trainer praxisnahes Wissen rund um die <strong data-start=\"543\" data-end=\"633\">Installation, Verwaltung und Clusterkonfiguration von Proxmox Virtual Environment (VE)<\/strong> \u2013 direkt vor Ort, mit viel Raum f\u00fcr Austausch und Networking.<\/p><h4 data-start=\"697\" data-end=\"739\">Zwei Kurse \u2013 ein flexibles Lernkonzept<\/h4><p data-start=\"741\" data-end=\"1191\"><em>Teilnehmende haben die Wahl:<br \/><\/em><br data-start=\"769\" data-end=\"772\" \/>Sie k\u00f6nnen entweder <strong data-start=\"792\" data-end=\"881\">nur den zweit\u00e4gigen Kurs \u201eProxmox VE Deployment &amp; Management\u201c (11.\u201312. November 2025)<\/strong> oder <strong data-start=\"887\" data-end=\"970\">den Aufbaukurs \u201eProxmox VE Clustering &amp; Shared Storage\u201c (13.\u201314. November 2025)<\/strong> besuchen.<br data-start=\"980\" data-end=\"983\" \/>Wer beide Module kombiniert, profitiert von einem durchg\u00e4ngigen viert\u00e4gigen Intensivtraining und einem besonders tiefen Verst\u00e4ndnis f\u00fcr die Verwaltung, Skalierung und Hochverf\u00fcgbarkeit von Proxmox-Umgebungen.<\/p><p data-start=\"1193\" data-end=\"1447\">Beide Kurse basieren auf den <strong data-start=\"1222\" data-end=\"1265\">offiziellen Proxmox-Schulungsunterlagen<\/strong> und schlie\u00dfen mit einem anerkannten <strong data-start=\"1302\" data-end=\"1324\">Proxmox-Zertifikat<\/strong> ab \u2013 ein klarer Mehrwert f\u00fcr IT-Administratoren, Systemh\u00e4user und Unternehmen, die auf Open-Source-Virtualisierung setzen.<\/p><h4 data-start=\"1449\" data-end=\"1484\">Lernen in angenehmer Atmosph\u00e4re<\/h4><p data-start=\"1486\" data-end=\"1918\">Die Trainings finden <strong data-start=\"1507\" data-end=\"1533\">On site in Saarbr\u00fccken<\/strong> statt. Teilnehmende genie\u00dfen nicht nur praxisorientiertes Lernen, sondern auch eine angenehme Lernumgebung:<br data-start=\"1641\" data-end=\"1644\" \/>Ein <strong data-start=\"1648\" data-end=\"1673\">t\u00e4gliches Mittagessen<\/strong>, <strong data-start=\"1675\" data-end=\"1698\">kostenlose Getr\u00e4nke<\/strong>, <strong data-start=\"1700\" data-end=\"1728\">Snacks und frisches Obst<\/strong> sind im Preis inbegriffen. Dar\u00fcber hinaus bietet das Training zahlreiche M\u00f6glichkeiten zum <strong data-start=\"1822\" data-end=\"1857\">Austausch mit anderen IT-Profis<\/strong>, um wertvolle Kontakte zu kn\u00fcpfen und Erfahrungen zu teilen.<\/p><h3 data-start=\"1920\" data-end=\"1973\">Jetzt anmelden \u2013 nur noch wenige Pl\u00e4tze verf\u00fcgbar<\/h3><p data-start=\"1975\" data-end=\"2177\">Die Nachfrage nach unseren Proxmox-Schulungen ist erfahrungsgem\u00e4\u00df hoch.<br data-start=\"2046\" data-end=\"2049\" \/>Aktuell sind <strong data-start=\"2062\" data-end=\"2101\">noch einige wenige Pl\u00e4tze verf\u00fcgbar<\/strong> \u2013 wer also im November dabei sein m\u00f6chte, sollte sich jetzt anmelden.<\/p>\t\t\t\t\t\t\t\t<\/div>\n\t\t\t\t<\/div>\n\t\t\t\t<div class=\"elementor-element elementor-element-a6f6dae elementor-align-center elementor-widget elementor-widget-button\" data-id=\"a6f6dae\" data-element_type=\"widget\" data-e-type=\"widget\" data-widget_type=\"button.default\">\n\t\t\t\t<div class=\"elementor-widget-container\">\n\t\t\t\t\t\t\t\t\t<div class=\"elementor-button-wrapper\">\n\t\t\t\t\t<a class=\"elementor-button elementor-button-link elementor-size-sm\" href=\"https:\/\/inett.academy\/en\/event\/proxmox-ve-deployment-und-management-11-12-november-2025\/\" target=\"_blank\">\n\t\t\t\t\t\t<span class=\"elementor-button-content-wrapper\">\n\t\t\t\t\t\t\t\t\t<span class=\"elementor-button-text\">JETZT ANMELDEN<\/span>\n\t\t\t\t\t<\/span>\n\t\t\t\t\t<\/a>\n\t\t\t\t<\/div>\n\t\t\t\t\t\t\t\t<\/div>\n\t\t\t\t<\/div>\n\t\t\t\t<div class=\"elementor-element elementor-element-eda814b elementor-widget-divider--view-line elementor-widget elementor-widget-divider\" data-id=\"eda814b\" data-element_type=\"widget\" data-e-type=\"widget\" data-widget_type=\"divider.default\">\n\t\t\t\t<div class=\"elementor-widget-container\">\n\t\t\t\t\t\t\t<div class=\"elementor-divider\">\n\t\t\t<span class=\"elementor-divider-separator\">\n\t\t\t\t\t\t<\/span>\n\t\t<\/div>\n\t\t\t\t\t\t<\/div>\n\t\t\t\t<\/div>\n\t\t\t\t\t<\/div>\n\t\t<\/div>\n\t\t\t\t\t<\/div>\n\t\t<\/section>\n\t\t<div class=\"elementor-element elementor-element-03d7ccf e-flex e-con-boxed e-con e-parent\" data-id=\"03d7ccf\" data-element_type=\"container\" data-e-type=\"container\">\n\t\t\t\t\t<div class=\"e-con-inner\">\n\t\t\t\t<div class=\"elementor-element elementor-element-6358677 elementor-post-navigation-borders-yes elementor-widget elementor-widget-post-navigation\" data-id=\"6358677\" data-element_type=\"widget\" data-e-type=\"widget\" data-widget_type=\"post-navigation.default\">\n\t\t\t\t<div class=\"elementor-widget-container\">\n\t\t\t\t\t\t\t<div class=\"elementor-post-navigation\" role=\"navigation\" aria-label=\"Post Navigation\">\n\t\t\t<div class=\"elementor-post-navigation__prev elementor-post-navigation__link\">\n\t\t\t\t<a href=\"https:\/\/inett.academy\/en\/neuer-kurstermin-proxmox-ve-training-im-oktober-2025\/\" rel=\"prev\"><span class=\"post-navigation__arrow-wrapper post-navigation__arrow-prev\"><i aria-hidden=\"true\" class=\"fas fa-angle-left\"><\/i><span class=\"elementor-screen-only\">Prev<\/span><\/span><span class=\"elementor-post-navigation__link__prev\"><span class=\"post-navigation__prev--label\">Voriger<\/span><span class=\"post-navigation__prev--title\">Neuer Kurstermin: Proxmox VE Training im Oktober 2025<\/span><\/span><\/a>\t\t\t<\/div>\n\t\t\t\t\t\t\t<div class=\"elementor-post-navigation__separator-wrapper\">\n\t\t\t\t\t<div class=\"elementor-post-navigation__separator\"><\/div>\n\t\t\t\t<\/div>\n\t\t\t\t\t\t<div class=\"elementor-post-navigation__next elementor-post-navigation__link\">\n\t\t\t\t<a href=\"https:\/\/inett.academy\/en\/webinar-3-vorteile-und-typische-fehler-bei-der-nutzung-eines-proxmox-hci-clusters-mit-ceph\/\" rel=\"next\"><span class=\"elementor-post-navigation__link__next\"><span class=\"post-navigation__next--label\">N\u00e4chster<\/span><span class=\"post-navigation__next--title\">Webinar | 3 Vorteile und typische Fehler bei der Nutzung eines Proxmox HCI Clusters mit Ceph<\/span><\/span><span class=\"post-navigation__arrow-wrapper post-navigation__arrow-next\"><i aria-hidden=\"true\" class=\"fas fa-angle-right\"><\/i><span class=\"elementor-screen-only\">Next<\/span><\/span><\/a>\t\t\t<\/div>\n\t\t<\/div>\n\t\t\t\t\t\t<\/div>\n\t\t\t\t<\/div>\n\t\t\t\t\t<\/div>\n\t\t\t\t<\/div>\n\t\t\t\t<section class=\"elementor-section elementor-top-section elementor-element elementor-element-9c657f8 elementor-section-boxed elementor-section-height-default elementor-section-height-default\" data-id=\"9c657f8\" data-element_type=\"section\" data-e-type=\"section\" data-settings=\"{&quot;background_background&quot;:&quot;classic&quot;}\">\n\t\t\t\t\t\t<div class=\"elementor-container elementor-column-gap-no\">\n\t\t\t\t\t<div class=\"elementor-column elementor-col-100 elementor-top-column elementor-element elementor-element-6f48301\" data-id=\"6f48301\" data-element_type=\"column\" data-e-type=\"column\">\n\t\t\t<div class=\"elementor-widget-wrap elementor-element-populated\">\n\t\t\t\t\t\t<section class=\"elementor-section elementor-inner-section elementor-element elementor-element-0db7e05 elementor-section-full_width elementor-section-height-default elementor-section-height-default\" data-id=\"0db7e05\" data-element_type=\"section\" data-e-type=\"section\" data-settings=\"{&quot;background_background&quot;:&quot;classic&quot;}\">\n\t\t\t\t\t\t<div class=\"elementor-container elementor-column-gap-no\">\n\t\t\t\t\t<div class=\"elementor-column elementor-col-50 elementor-inner-column elementor-element elementor-element-affb85e\" data-id=\"affb85e\" data-element_type=\"column\" data-e-type=\"column\">\n\t\t\t<div class=\"elementor-widget-wrap elementor-element-populated\">\n\t\t\t\t\t\t<div class=\"elementor-element elementor-element-518f6aa elementor-widget elementor-widget-heading\" data-id=\"518f6aa\" data-element_type=\"widget\" data-e-type=\"widget\" data-widget_type=\"heading.default\">\n\t\t\t\t<div class=\"elementor-widget-container\">\n\t\t\t\t\t<h3 class=\"elementor-heading-title elementor-size-default\">Bereit, Neues zu lernen?<\/h3>\t\t\t\t<\/div>\n\t\t\t\t<\/div>\n\t\t\t\t<div class=\"elementor-element elementor-element-d1b7c8c elementor-widget elementor-widget-text-editor\" data-id=\"d1b7c8c\" data-element_type=\"widget\" data-e-type=\"widget\" data-widget_type=\"text-editor.default\">\n\t\t\t\t<div class=\"elementor-widget-container\">\n\t\t\t\t\t\t\t\t\t<p>Take the opportunity to expand your knowledge and gain practical skills. Sign up today and start your learning journey.<\/p>\t\t\t\t\t\t\t\t<\/div>\n\t\t\t\t<\/div>\n\t\t\t\t<div class=\"elementor-element elementor-element-2de62b0 e-transform elementor-widget__width-initial elementor-hidden-mobile elementor-widget elementor-widget-spacer\" data-id=\"2de62b0\" data-element_type=\"widget\" data-e-type=\"widget\" data-settings=\"{&quot;_transform_translateX_effect&quot;:{&quot;unit&quot;:&quot;px&quot;,&quot;size&quot;:&quot;-95&quot;,&quot;sizes&quot;:[]},&quot;_transform_translateY_effect&quot;:{&quot;unit&quot;:&quot;px&quot;,&quot;size&quot;:&quot;-325&quot;,&quot;sizes&quot;:[]},&quot;_transform_translateX_effect_tablet&quot;:{&quot;unit&quot;:&quot;px&quot;,&quot;size&quot;:&quot;&quot;,&quot;sizes&quot;:[]},&quot;_transform_translateX_effect_mobile&quot;:{&quot;unit&quot;:&quot;px&quot;,&quot;size&quot;:&quot;&quot;,&quot;sizes&quot;:[]},&quot;_transform_translateY_effect_tablet&quot;:{&quot;unit&quot;:&quot;px&quot;,&quot;size&quot;:&quot;&quot;,&quot;sizes&quot;:[]},&quot;_transform_translateY_effect_mobile&quot;:{&quot;unit&quot;:&quot;px&quot;,&quot;size&quot;:&quot;&quot;,&quot;sizes&quot;:[]}}\" data-widget_type=\"spacer.default\">\n\t\t\t\t<div class=\"elementor-widget-container\">\n\t\t\t\t\t\t\t<div class=\"elementor-spacer\">\n\t\t\t<div class=\"elementor-spacer-inner\"><\/div>\n\t\t<\/div>\n\t\t\t\t\t\t<\/div>\n\t\t\t\t<\/div>\n\t\t\t\t\t<\/div>\n\t\t<\/div>\n\t\t\t\t<div class=\"elementor-column elementor-col-50 elementor-inner-column elementor-element elementor-element-e12505c\" data-id=\"e12505c\" data-element_type=\"column\" data-e-type=\"column\">\n\t\t\t<div class=\"elementor-widget-wrap elementor-element-populated\">\n\t\t\t\t\t\t<div class=\"elementor-element elementor-element-71640d0 e-transform elementor-widget__width-initial elementor-hidden-mobile elementor-widget elementor-widget-spacer\" data-id=\"71640d0\" data-element_type=\"widget\" data-e-type=\"widget\" data-settings=\"{&quot;_transform_translateX_effect&quot;:{&quot;unit&quot;:&quot;px&quot;,&quot;size&quot;:&quot;130&quot;,&quot;sizes&quot;:[]},&quot;_transform_translateY_effect&quot;:{&quot;unit&quot;:&quot;px&quot;,&quot;size&quot;:&quot;220&quot;,&quot;sizes&quot;:[]},&quot;_transform_translateX_effect_tablet&quot;:{&quot;unit&quot;:&quot;px&quot;,&quot;size&quot;:&quot;&quot;,&quot;sizes&quot;:[]},&quot;_transform_translateX_effect_mobile&quot;:{&quot;unit&quot;:&quot;px&quot;,&quot;size&quot;:&quot;&quot;,&quot;sizes&quot;:[]},&quot;_transform_translateY_effect_tablet&quot;:{&quot;unit&quot;:&quot;px&quot;,&quot;size&quot;:&quot;&quot;,&quot;sizes&quot;:[]},&quot;_transform_translateY_effect_mobile&quot;:{&quot;unit&quot;:&quot;px&quot;,&quot;size&quot;:&quot;&quot;,&quot;sizes&quot;:[]}}\" data-widget_type=\"spacer.default\">\n\t\t\t\t<div class=\"elementor-widget-container\">\n\t\t\t\t\t\t\t<div class=\"elementor-spacer\">\n\t\t\t<div class=\"elementor-spacer-inner\"><\/div>\n\t\t<\/div>\n\t\t\t\t\t\t<\/div>\n\t\t\t\t<\/div>\n\t\t\t\t<div class=\"elementor-element elementor-element-8af1001 elementor-align-right elementor-tablet-align-center elementor-mobile-align-justify elementor-widget elementor-widget-button\" data-id=\"8af1001\" data-element_type=\"widget\" data-e-type=\"widget\" data-widget_type=\"button.default\">\n\t\t\t\t<div class=\"elementor-widget-container\">\n\t\t\t\t\t\t\t\t\t<div class=\"elementor-button-wrapper\">\n\t\t\t\t\t<a class=\"elementor-button elementor-button-link elementor-size-sm\" href=\"https:\/\/inett.academy\/en\/kursangebot\/\">\n\t\t\t\t\t\t<span class=\"elementor-button-content-wrapper\">\n\t\t\t\t\t\t\t\t\t<span class=\"elementor-button-text\">ZUM KURSANGEBOT<\/span>\n\t\t\t\t\t<\/span>\n\t\t\t\t\t<\/a>\n\t\t\t\t<\/div>\n\t\t\t\t\t\t\t\t<\/div>\n\t\t\t\t<\/div>\n\t\t\t\t\t<\/div>\n\t\t<\/div>\n\t\t\t\t\t<\/div>\n\t\t<\/section>\n\t\t\t\t\t<\/div>\n\t\t<\/div>\n\t\t\t\t\t<\/div>\n\t\t<\/section>\n\t\t\t\t<\/div>","protected":false},"excerpt":{"rendered":"<p>Im November ist es wieder soweit: In Saarbr\u00fccken finden unsere beliebten Proxmox VE Pr\u00e4senztrainings statt. An vier intensiven Tagen vermitteln unsere erfahrenen Trainer praxisnahes Wissen rund um die Installation, Verwaltung [&hellip;]<\/p>\n","protected":false},"author":2,"featured_media":35546,"comment_status":"closed","ping_status":"open","sticky":false,"template":"elementor_header_footer","format":"standard","meta":{"_price":"","_stock":"","_tribe_ticket_header":"","_tribe_default_ticket_provider":"","_tribe_ticket_capacity":"0","_ticket_start_date":"","_ticket_end_date":"","_tribe_ticket_show_description":"","_tribe_ticket_show_not_going":false,"_tribe_ticket_use_global_stock":"","_tribe_ticket_global_stock_level":"","_global_stock_mode":"","_global_stock_cap":"","_tribe_rsvp_for_event":"","_tribe_ticket_going_count":"","_tribe_ticket_not_going_count":"","_tribe_tickets_list":"[]","_tribe_ticket_has_attendee_info_fields":false,"footnotes":"","_tec_slr_enabled":"","_tec_slr_layout":""},"categories":[1,263],"tags":[],"class_list":["post-36342","post","type-post","status-publish","format-standard","has-post-thumbnail","hentry","category-allgemein","category-proxmox-news"],"yoast_head":"<!-- This site is optimized with the Yoast SEO plugin v27.4 - https:\/\/yoast.com\/product\/yoast-seo-wordpress\/ -->\n<title>Proxmox VE Schulung Saarbr\u00fccken im November 2025<\/title>\n<meta name=\"description\" content=\"Im November finden in Saarbr\u00fccken wieder die beliebten Proxmox VE Schulungen statt \u2013 mit Mittagessen, Snacks &amp; Networking. Jetzt Pl\u00e4tze sichern!\" \/>\n<meta name=\"robots\" content=\"index, follow, max-snippet:-1, max-image-preview:large, max-video-preview:-1\" \/>\n<link rel=\"canonical\" href=\"https:\/\/inett.academy\/en\/neuer-kurstermin-proxmox-ve-training-im-november-2025\/\" \/>\n<meta property=\"og:locale\" content=\"en_GB\" \/>\n<meta property=\"og:type\" content=\"article\" \/>\n<meta property=\"og:title\" content=\"Proxmox VE Schulung Saarbr\u00fccken im November 2025\" \/>\n<meta property=\"og:description\" content=\"Im November finden in Saarbr\u00fccken wieder die beliebten Proxmox VE Schulungen statt \u2013 mit Mittagessen, Snacks &amp; Networking. Jetzt Pl\u00e4tze sichern!\" \/>\n<meta property=\"og:url\" content=\"https:\/\/inett.academy\/en\/neuer-kurstermin-proxmox-ve-training-im-november-2025\/\" \/>\n<meta property=\"og:site_name\" content=\"inett Academy | Die Experten f\u00fcr IT-Schulungen\" \/>\n<meta property=\"article:published_time\" content=\"2025-10-09T11:13:40+00:00\" \/>\n<meta property=\"article:modified_time\" content=\"2026-01-16T09:56:18+00:00\" \/>\n<meta property=\"og:image\" content=\"https:\/\/inett.academy\/wp-content\/uploads\/2025\/08\/Kurs-Layout-Wordpress.png\" \/>\n\t<meta property=\"og:image:width\" content=\"1080\" \/>\n\t<meta property=\"og:image:height\" content=\"1080\" \/>\n\t<meta property=\"og:image:type\" content=\"image\/png\" \/>\n<meta name=\"author\" content=\"Ivonne Bignet\" \/>\n<meta name=\"twitter:card\" content=\"summary_large_image\" \/>\n<meta name=\"twitter:label1\" content=\"Written by\" \/>\n\t<meta name=\"twitter:data1\" content=\"Ivonne Bignet\" \/>\n\t<meta name=\"twitter:label2\" content=\"Estimated reading time\" \/>\n\t<meta name=\"twitter:data2\" content=\"2 minutes\" \/>\n<script type=\"application\/ld+json\" class=\"yoast-schema-graph\">{\"@context\":\"https:\\\/\\\/schema.org\",\"@graph\":[{\"@type\":\"Article\",\"@id\":\"https:\\\/\\\/inett.academy\\\/neuer-kurstermin-proxmox-ve-training-im-november-2025\\\/#article\",\"isPartOf\":{\"@id\":\"https:\\\/\\\/inett.academy\\\/neuer-kurstermin-proxmox-ve-training-im-november-2025\\\/\"},\"author\":{\"name\":\"Ivonne Bignet\",\"@id\":\"https:\\\/\\\/inett.academy\\\/#\\\/schema\\\/person\\\/71b7e4c19bcb169802114c2e1503024a\"},\"headline\":\"Neuer Kurstermin: Proxmox VE Training im November 2025\",\"datePublished\":\"2025-10-09T11:13:40+00:00\",\"dateModified\":\"2026-01-16T09:56:18+00:00\",\"mainEntityOfPage\":{\"@id\":\"https:\\\/\\\/inett.academy\\\/neuer-kurstermin-proxmox-ve-training-im-november-2025\\\/\"},\"wordCount\":285,\"publisher\":{\"@id\":\"https:\\\/\\\/inett.academy\\\/#organization\"},\"image\":{\"@id\":\"https:\\\/\\\/inett.academy\\\/neuer-kurstermin-proxmox-ve-training-im-november-2025\\\/#primaryimage\"},\"thumbnailUrl\":\"https:\\\/\\\/inett.academy\\\/wp-content\\\/uploads\\\/2025\\\/08\\\/Kurs-Layout-Wordpress.png\",\"articleSection\":[\"Allgemein\",\"Proxmox\"],\"inLanguage\":\"en-GB\"},{\"@type\":\"WebPage\",\"@id\":\"https:\\\/\\\/inett.academy\\\/neuer-kurstermin-proxmox-ve-training-im-november-2025\\\/\",\"url\":\"https:\\\/\\\/inett.academy\\\/neuer-kurstermin-proxmox-ve-training-im-november-2025\\\/\",\"name\":\"Proxmox VE Schulung Saarbr\u00fccken im November 2025\",\"isPartOf\":{\"@id\":\"https:\\\/\\\/inett.academy\\\/#website\"},\"primaryImageOfPage\":{\"@id\":\"https:\\\/\\\/inett.academy\\\/neuer-kurstermin-proxmox-ve-training-im-november-2025\\\/#primaryimage\"},\"image\":{\"@id\":\"https:\\\/\\\/inett.academy\\\/neuer-kurstermin-proxmox-ve-training-im-november-2025\\\/#primaryimage\"},\"thumbnailUrl\":\"https:\\\/\\\/inett.academy\\\/wp-content\\\/uploads\\\/2025\\\/08\\\/Kurs-Layout-Wordpress.png\",\"datePublished\":\"2025-10-09T11:13:40+00:00\",\"dateModified\":\"2026-01-16T09:56:18+00:00\",\"description\":\"Im November finden in Saarbr\u00fccken wieder die beliebten Proxmox VE Schulungen statt \u2013 mit Mittagessen, Snacks & Networking. Jetzt Pl\u00e4tze sichern!\",\"breadcrumb\":{\"@id\":\"https:\\\/\\\/inett.academy\\\/neuer-kurstermin-proxmox-ve-training-im-november-2025\\\/#breadcrumb\"},\"inLanguage\":\"en-GB\",\"potentialAction\":[{\"@type\":\"ReadAction\",\"target\":[\"https:\\\/\\\/inett.academy\\\/neuer-kurstermin-proxmox-ve-training-im-november-2025\\\/\"]}]},{\"@type\":\"ImageObject\",\"inLanguage\":\"en-GB\",\"@id\":\"https:\\\/\\\/inett.academy\\\/neuer-kurstermin-proxmox-ve-training-im-november-2025\\\/#primaryimage\",\"url\":\"https:\\\/\\\/inett.academy\\\/wp-content\\\/uploads\\\/2025\\\/08\\\/Kurs-Layout-Wordpress.png\",\"contentUrl\":\"https:\\\/\\\/inett.academy\\\/wp-content\\\/uploads\\\/2025\\\/08\\\/Kurs-Layout-Wordpress.png\",\"width\":1080,\"height\":1080,\"caption\":\"Symbolbild f\u00fcr Proxmox VE Training mit der inett Gmbh und inett Academy am 11. und 12. November 2025\"},{\"@type\":\"BreadcrumbList\",\"@id\":\"https:\\\/\\\/inett.academy\\\/neuer-kurstermin-proxmox-ve-training-im-november-2025\\\/#breadcrumb\",\"itemListElement\":[{\"@type\":\"ListItem\",\"position\":1,\"name\":\"Startseite\",\"item\":\"https:\\\/\\\/inett.academy\\\/\"},{\"@type\":\"ListItem\",\"position\":2,\"name\":\"Neuer Kurstermin: Proxmox VE Training im November 2025\"}]},{\"@type\":\"WebSite\",\"@id\":\"https:\\\/\\\/inett.academy\\\/#website\",\"url\":\"https:\\\/\\\/inett.academy\\\/\",\"name\":\"inett Academy\",\"description\":\"\",\"publisher\":{\"@id\":\"https:\\\/\\\/inett.academy\\\/#organization\"},\"potentialAction\":[{\"@type\":\"SearchAction\",\"target\":{\"@type\":\"EntryPoint\",\"urlTemplate\":\"https:\\\/\\\/inett.academy\\\/?s={search_term_string}\"},\"query-input\":{\"@type\":\"PropertyValueSpecification\",\"valueRequired\":true,\"valueName\":\"search_term_string\"}}],\"inLanguage\":\"en-GB\"},{\"@type\":\"Organization\",\"@id\":\"https:\\\/\\\/inett.academy\\\/#organization\",\"name\":\"inett Academy\",\"url\":\"https:\\\/\\\/inett.academy\\\/\",\"logo\":{\"@type\":\"ImageObject\",\"inLanguage\":\"en-GB\",\"@id\":\"https:\\\/\\\/inett.academy\\\/#\\\/schema\\\/logo\\\/image\\\/\",\"url\":\"\",\"contentUrl\":\"\",\"caption\":\"inett Academy\"},\"image\":{\"@id\":\"https:\\\/\\\/inett.academy\\\/#\\\/schema\\\/logo\\\/image\\\/\"}},{\"@type\":\"Person\",\"@id\":\"https:\\\/\\\/inett.academy\\\/#\\\/schema\\\/person\\\/71b7e4c19bcb169802114c2e1503024a\",\"name\":\"Ivonne Bignet\",\"image\":{\"@type\":\"ImageObject\",\"inLanguage\":\"en-GB\",\"@id\":\"https:\\\/\\\/secure.gravatar.com\\\/avatar\\\/fba9ee24294c953e8a3ff70f70cf006e474faf3cd3b690441b755581d669ca57?s=96&d=retro&r=g\",\"url\":\"https:\\\/\\\/secure.gravatar.com\\\/avatar\\\/fba9ee24294c953e8a3ff70f70cf006e474faf3cd3b690441b755581d669ca57?s=96&d=retro&r=g\",\"contentUrl\":\"https:\\\/\\\/secure.gravatar.com\\\/avatar\\\/fba9ee24294c953e8a3ff70f70cf006e474faf3cd3b690441b755581d669ca57?s=96&d=retro&r=g\",\"caption\":\"Ivonne Bignet\"},\"sameAs\":[\"https:\\\/\\\/www.inett.de\\\/\"],\"url\":\"https:\\\/\\\/inett.academy\\\/en\\\/author\\\/ibignet\\\/\"}]}<\/script>\n<!-- \/ Yoast SEO plugin. -->","yoast_head_json":{"title":"Proxmox VE Schulung Saarbr\u00fccken im November 2025","description":"Im November finden in Saarbr\u00fccken wieder die beliebten Proxmox VE Schulungen statt \u2013 mit Mittagessen, Snacks & Networking. Jetzt Pl\u00e4tze sichern!","robots":{"index":"index","follow":"follow","max-snippet":"max-snippet:-1","max-image-preview":"max-image-preview:large","max-video-preview":"max-video-preview:-1"},"canonical":"https:\/\/inett.academy\/en\/neuer-kurstermin-proxmox-ve-training-im-november-2025\/","og_locale":"en_GB","og_type":"article","og_title":"Proxmox VE Schulung Saarbr\u00fccken im November 2025","og_description":"Im November finden in Saarbr\u00fccken wieder die beliebten Proxmox VE Schulungen statt \u2013 mit Mittagessen, Snacks & Networking. Jetzt Pl\u00e4tze sichern!","og_url":"https:\/\/inett.academy\/en\/neuer-kurstermin-proxmox-ve-training-im-november-2025\/","og_site_name":"inett Academy | Die Experten f\u00fcr IT-Schulungen","article_published_time":"2025-10-09T11:13:40+00:00","article_modified_time":"2026-01-16T09:56:18+00:00","og_image":[{"width":1080,"height":1080,"url":"https:\/\/inett.academy\/wp-content\/uploads\/2025\/08\/Kurs-Layout-Wordpress.png","type":"image\/png"}],"author":"Ivonne Bignet","twitter_card":"summary_large_image","twitter_misc":{"Written by":"Ivonne Bignet","Estimated reading time":"2 minutes"},"schema":{"@context":"https:\/\/schema.org","@graph":[{"@type":"Article","@id":"https:\/\/inett.academy\/neuer-kurstermin-proxmox-ve-training-im-november-2025\/#article","isPartOf":{"@id":"https:\/\/inett.academy\/neuer-kurstermin-proxmox-ve-training-im-november-2025\/"},"author":{"name":"Ivonne Bignet","@id":"https:\/\/inett.academy\/#\/schema\/person\/71b7e4c19bcb169802114c2e1503024a"},"headline":"Neuer Kurstermin: Proxmox VE Training im November 2025","datePublished":"2025-10-09T11:13:40+00:00","dateModified":"2026-01-16T09:56:18+00:00","mainEntityOfPage":{"@id":"https:\/\/inett.academy\/neuer-kurstermin-proxmox-ve-training-im-november-2025\/"},"wordCount":285,"publisher":{"@id":"https:\/\/inett.academy\/#organization"},"image":{"@id":"https:\/\/inett.academy\/neuer-kurstermin-proxmox-ve-training-im-november-2025\/#primaryimage"},"thumbnailUrl":"https:\/\/inett.academy\/wp-content\/uploads\/2025\/08\/Kurs-Layout-Wordpress.png","articleSection":["Allgemein","Proxmox"],"inLanguage":"en-GB"},{"@type":"WebPage","@id":"https:\/\/inett.academy\/neuer-kurstermin-proxmox-ve-training-im-november-2025\/","url":"https:\/\/inett.academy\/neuer-kurstermin-proxmox-ve-training-im-november-2025\/","name":"Proxmox VE Schulung Saarbr\u00fccken im November 2025","isPartOf":{"@id":"https:\/\/inett.academy\/#website"},"primaryImageOfPage":{"@id":"https:\/\/inett.academy\/neuer-kurstermin-proxmox-ve-training-im-november-2025\/#primaryimage"},"image":{"@id":"https:\/\/inett.academy\/neuer-kurstermin-proxmox-ve-training-im-november-2025\/#primaryimage"},"thumbnailUrl":"https:\/\/inett.academy\/wp-content\/uploads\/2025\/08\/Kurs-Layout-Wordpress.png","datePublished":"2025-10-09T11:13:40+00:00","dateModified":"2026-01-16T09:56:18+00:00","description":"Im November finden in Saarbr\u00fccken wieder die beliebten Proxmox VE Schulungen statt \u2013 mit Mittagessen, Snacks & Networking. Jetzt Pl\u00e4tze sichern!","breadcrumb":{"@id":"https:\/\/inett.academy\/neuer-kurstermin-proxmox-ve-training-im-november-2025\/#breadcrumb"},"inLanguage":"en-GB","potentialAction":[{"@type":"ReadAction","target":["https:\/\/inett.academy\/neuer-kurstermin-proxmox-ve-training-im-november-2025\/"]}]},{"@type":"ImageObject","inLanguage":"en-GB","@id":"https:\/\/inett.academy\/neuer-kurstermin-proxmox-ve-training-im-november-2025\/#primaryimage","url":"https:\/\/inett.academy\/wp-content\/uploads\/2025\/08\/Kurs-Layout-Wordpress.png","contentUrl":"https:\/\/inett.academy\/wp-content\/uploads\/2025\/08\/Kurs-Layout-Wordpress.png","width":1080,"height":1080,"caption":"Symbolbild f\u00fcr Proxmox VE Training mit der inett Gmbh und inett Academy am 11. und 12. November 2025"},{"@type":"BreadcrumbList","@id":"https:\/\/inett.academy\/neuer-kurstermin-proxmox-ve-training-im-november-2025\/#breadcrumb","itemListElement":[{"@type":"ListItem","position":1,"name":"Startseite","item":"https:\/\/inett.academy\/"},{"@type":"ListItem","position":2,"name":"Neuer Kurstermin: Proxmox VE Training im November 2025"}]},{"@type":"WebSite","@id":"https:\/\/inett.academy\/#website","url":"https:\/\/inett.academy\/","name":"inett Academy","description":"","publisher":{"@id":"https:\/\/inett.academy\/#organization"},"potentialAction":[{"@type":"SearchAction","target":{"@type":"EntryPoint","urlTemplate":"https:\/\/inett.academy\/?s={search_term_string}"},"query-input":{"@type":"PropertyValueSpecification","valueRequired":true,"valueName":"search_term_string"}}],"inLanguage":"en-GB"},{"@type":"Organization","@id":"https:\/\/inett.academy\/#organization","name":"inett Academy","url":"https:\/\/inett.academy\/","logo":{"@type":"ImageObject","inLanguage":"en-GB","@id":"https:\/\/inett.academy\/#\/schema\/logo\/image\/","url":"","contentUrl":"","caption":"inett Academy"},"image":{"@id":"https:\/\/inett.academy\/#\/schema\/logo\/image\/"}},{"@type":"Person","@id":"https:\/\/inett.academy\/#\/schema\/person\/71b7e4c19bcb169802114c2e1503024a","name":"Ivonne Bignet","image":{"@type":"ImageObject","inLanguage":"en-GB","@id":"https:\/\/secure.gravatar.com\/avatar\/fba9ee24294c953e8a3ff70f70cf006e474faf3cd3b690441b755581d669ca57?s=96&d=retro&r=g","url":"https:\/\/secure.gravatar.com\/avatar\/fba9ee24294c953e8a3ff70f70cf006e474faf3cd3b690441b755581d669ca57?s=96&d=retro&r=g","contentUrl":"https:\/\/secure.gravatar.com\/avatar\/fba9ee24294c953e8a3ff70f70cf006e474faf3cd3b690441b755581d669ca57?s=96&d=retro&r=g","caption":"Ivonne Bignet"},"sameAs":["https:\/\/www.inett.de\/"],"url":"https:\/\/inett.academy\/en\/author\/ibignet\/"}]}},"ticketed":false,"_links":{"self":[{"href":"https:\/\/inett.academy\/en\/wp-json\/wp\/v2\/posts\/36342","targetHints":{"allow":["GET"]}}],"collection":[{"href":"https:\/\/inett.academy\/en\/wp-json\/wp\/v2\/posts"}],"about":[{"href":"https:\/\/inett.academy\/en\/wp-json\/wp\/v2\/types\/post"}],"author":[{"embeddable":true,"href":"https:\/\/inett.academy\/en\/wp-json\/wp\/v2\/users\/2"}],"replies":[{"embeddable":true,"href":"https:\/\/inett.academy\/en\/wp-json\/wp\/v2\/comments?post=36342"}],"version-history":[{"count":7,"href":"https:\/\/inett.academy\/en\/wp-json\/wp\/v2\/posts\/36342\/revisions"}],"predecessor-version":[{"id":36545,"href":"https:\/\/inett.academy\/en\/wp-json\/wp\/v2\/posts\/36342\/revisions\/36545"}],"wp:featuredmedia":[{"embeddable":true,"href":"https:\/\/inett.academy\/en\/wp-json\/wp\/v2\/media\/35546"}],"wp:attachment":[{"href":"https:\/\/inett.academy\/en\/wp-json\/wp\/v2\/media?parent=36342"}],"wp:term":[{"taxonomy":"category","embeddable":true,"href":"https:\/\/inett.academy\/en\/wp-json\/wp\/v2\/categories?post=36342"},{"taxonomy":"post_tag","embeddable":true,"href":"https:\/\/inett.academy\/en\/wp-json\/wp\/v2\/tags?post=36342"}],"curies":[{"name":"wp","href":"https:\/\/api.w.org\/{rel}","templated":true}]}}